
{"id":10307,"date":"2009-07-13T06:59:26","date_gmt":"2009-07-13T05:59:26","guid":{"rendered":"http:\/\/adamczewscy.pl\/?p=2539"},"modified":"2009-07-13T06:59:26","modified_gmt":"2009-07-13T05:59:26","slug":"eskalopki-z-indyka-w-soku-cytrynowym","status":"publish","type":"post","link":"https:\/\/blog.polityka.pl\/adamczewski\/2009\/07\/13\/eskalopki-z-indyka-w-soku-cytrynowym\/","title":{"rendered":"Eskalopki z indyka w soku cytrynowym"},"content":{"rendered":"<p><em>Ok. 60 dag piersi indyczej, 2 cytryny, \u0142y\u017cka m\u0105ki, p\u00f3l szklanki bulionu z drobiu (mo\u017ce by\u0107 z kostki), 4 \u0142y\u017cki oliwy, cebula, 2 \u0142y\u017cki siekanego koperku, s\u00f3l, pieprz.\u00a0<\/em><\/p>\n<p>1. Pokroi\u0107 w mi\u0119so na 10 &#8211; 12 plasterk\u00f3w, okry\u0107 foli\u0105 spo\u017cywcz\u0105 i uformowa\u0107 przy pomocy t\u0142uczka do mi\u0119sa owalne eskalopki, obsypa\u0107 lekko m\u0105k\u0105, odrobin\u0105 soli i pieprzu.<br \/>\n2. Oliw\u0119 rozgrza\u0107 na patelni  zeszkli\u0107 na niej pokrojon\u0105 cebul\u0119, doda\u0107 eskalopki i podsma\u017cy\u0107, po czym cebul\u0119 usun\u0105\u0107.<br \/>\n3. Na patelnie z eskalopkami wla\u0107 bulion i sok wyci\u015bni\u0119ty z cytryn.   Dusi\u0107 mi\u0119so w sosie dop\u00f3ki nie b\u0119dzie mi\u0119kkie a sos wyra\u017anie zmniejszy sw\u0105 obj\u0119to\u015b\u0107.<br \/>\nGotowe eskalopki posypa\u0107 siekanym koperkiem.<\/p>\n","protected":false},"excerpt":{"rendered":"<p>Ok. 60 dag piersi indyczej, 2 cytryny, \u0142y\u017cka m\u0105ki, p\u00f3l szklanki bulionu z drobiu (mo\u017ce by\u0107 z kostki), 4 \u0142y\u017cki oliwy, cebula, 2 \u0142y\u017cki siekanego koperku, s\u00f3l, pieprz.\u00a0 1. Pokroi\u0107 w mi\u0119so na 10 &#8211; 12 plasterk\u00f3w, okry\u0107 foli\u0105 spo\u017cywcz\u0105 i uformowa\u0107 przy pomocy t\u0142uczka do mi\u0119sa owalne eskalopki, obsypa\u0107 lekko m\u0105k\u0105, odrobin\u0105 soli i [&hellip;]<\/p>\n","protected":false},"author":2,"featured_media":0,"comment_status":"open","ping_status":"open","sticky":false,"template":"","format":"standard","meta":{"footnotes":""},"categories":[1],"tags":[],"_links":{"self":[{"href":"https:\/\/blog.polityka.pl\/adamczewski\/wp-json\/wp\/v2\/posts\/10307"}],"collection":[{"href":"https:\/\/blog.polityka.pl\/adamczewski\/wp-json\/wp\/v2\/posts"}],"about":[{"href":"https:\/\/blog.polityka.pl\/adamczewski\/wp-json\/wp\/v2\/types\/post"}],"author":[{"embeddable":true,"href":"https:\/\/blog.polityka.pl\/adamczewski\/wp-json\/wp\/v2\/users\/2"}],"replies":[{"embeddable":true,"href":"https:\/\/blog.polityka.pl\/adamczewski\/wp-json\/wp\/v2\/comments?post=10307"}],"version-history":[{"count":0,"href":"https:\/\/blog.polityka.pl\/adamczewski\/wp-json\/wp\/v2\/posts\/10307\/revisions"}],"wp:attachment":[{"href":"https:\/\/blog.polityka.pl\/adamczewski\/wp-json\/wp\/v2\/media?parent=10307"}],"wp:term":[{"taxonomy":"category","embeddable":true,"href":"https:\/\/blog.polityka.pl\/adamczewski\/wp-json\/wp\/v2\/categories?post=10307"},{"taxonomy":"post_tag","embeddable":true,"href":"https:\/\/blog.polityka.pl\/adamczewski\/wp-json\/wp\/v2\/tags?post=10307"}],"curies":[{"name":"wp","href":"https:\/\/api.w.org\/{rel}","templated":true}]}}