
{"id":10308,"date":"2009-07-13T07:00:12","date_gmt":"2009-07-13T06:00:12","guid":{"rendered":"http:\/\/adamczewscy.pl\/?p=2540"},"modified":"2009-07-13T07:00:12","modified_gmt":"2009-07-13T06:00:12","slug":"cebule-faszerowane-2","status":"publish","type":"post","link":"https:\/\/blog.polityka.pl\/adamczewski\/2009\/07\/13\/cebule-faszerowane-2\/","title":{"rendered":"Cebule faszerowane"},"content":{"rendered":"<p><em>4 du\u017ce cebule (mog\u0105 to by\u0107 cebule bia\u0142e, tzw. s\u0142odkie), 15 dag pieczarek, 4 \u0142y\u017ceczki tartej bu\u0142ki, 3 \u0142y\u017cki mas\u0142a, s\u00f3l, szczypta cukru, pieprz.\u00a0<\/em><\/p>\n<p>1. Cebule obra\u0107 z wierzchnich li\u015bci, obgotowa\u0107 5 minut we wrz\u0105cej wodzie. Po wyj\u0119ciu i ostudzeniu odkroi\u0107 wierzch (od strony  przeciwnej korzonkom), wydr\u0105\u017cy\u0107 tworz\u0105c w ten spos\u00f3b jakby miseczk\u0119.<br \/>\n2. Usuni\u0119te z wn\u0119trza cz\u0119\u015bci cebuli drobno posieka\u0107. Pokroi\u0107 te\u017c drobno pieczarki.<br \/>\n3. Zrumieni\u0107 na suchej patelni tart\u0105 bu\u0142k\u0119, doda\u0107 \u0142y\u017ck\u0119 mas\u0142a.<br \/>\n4. Na \u0142y\u017cce mas\u0142a podsma\u017cy\u0107, nie rumieni\u0105c, cebul\u0119 i pieczarki.<br \/>\n5. Wymiesza\u0107 tart\u0105 bulk\u0119 z mas\u0142em oraz cebul\u0105 z pieczarkami. Doprawi\u0107 sol\u0105 i pieprzem.<br \/>\n6. Nape\u0142nia\u0107 cebulowe miseczki  farszem. ustawi\u0107 je w brytfannie na rozpuszczonej \u0142y\u017cce mas\u0142a, doda\u0107 p\u00f3\u0142 szklanki wody, okry\u0107 pokrywk\u0105, dusi\u0107, a\u017c cebule b\u0119d\u0105 zupe\u0142nie mi\u0119kkie.<\/p>\n","protected":false},"excerpt":{"rendered":"<p>4 du\u017ce cebule (mog\u0105 to by\u0107 cebule bia\u0142e, tzw. s\u0142odkie), 15 dag pieczarek, 4 \u0142y\u017ceczki tartej bu\u0142ki, 3 \u0142y\u017cki mas\u0142a, s\u00f3l, szczypta cukru, pieprz.\u00a0 1. Cebule obra\u0107 z wierzchnich li\u015bci, obgotowa\u0107 5 minut we wrz\u0105cej wodzie. Po wyj\u0119ciu i ostudzeniu odkroi\u0107 wierzch (od strony przeciwnej korzonkom), wydr\u0105\u017cy\u0107 tworz\u0105c w ten spos\u00f3b jakby miseczk\u0119. 2. Usuni\u0119te [&hellip;]<\/p>\n","protected":false},"author":2,"featured_media":0,"comment_status":"open","ping_status":"open","sticky":false,"template":"","format":"standard","meta":{"footnotes":""},"categories":[1],"tags":[],"_links":{"self":[{"href":"https:\/\/blog.polityka.pl\/adamczewski\/wp-json\/wp\/v2\/posts\/10308"}],"collection":[{"href":"https:\/\/blog.polityka.pl\/adamczewski\/wp-json\/wp\/v2\/posts"}],"about":[{"href":"https:\/\/blog.polityka.pl\/adamczewski\/wp-json\/wp\/v2\/types\/post"}],"author":[{"embeddable":true,"href":"https:\/\/blog.polityka.pl\/adamczewski\/wp-json\/wp\/v2\/users\/2"}],"replies":[{"embeddable":true,"href":"https:\/\/blog.polityka.pl\/adamczewski\/wp-json\/wp\/v2\/comments?post=10308"}],"version-history":[{"count":0,"href":"https:\/\/blog.polityka.pl\/adamczewski\/wp-json\/wp\/v2\/posts\/10308\/revisions"}],"wp:attachment":[{"href":"https:\/\/blog.polityka.pl\/adamczewski\/wp-json\/wp\/v2\/media?parent=10308"}],"wp:term":[{"taxonomy":"category","embeddable":true,"href":"https:\/\/blog.polityka.pl\/adamczewski\/wp-json\/wp\/v2\/categories?post=10308"},{"taxonomy":"post_tag","embeddable":true,"href":"https:\/\/blog.polityka.pl\/adamczewski\/wp-json\/wp\/v2\/tags?post=10308"}],"curies":[{"name":"wp","href":"https:\/\/api.w.org\/{rel}","templated":true}]}}