
{"id":10309,"date":"2009-08-02T16:54:49","date_gmt":"2009-08-02T15:54:49","guid":{"rendered":"http:\/\/adamczewscy.pl\/?p=2544"},"modified":"2009-08-02T16:54:49","modified_gmt":"2009-08-02T15:54:49","slug":"zapiekanka-z-cukinii","status":"publish","type":"post","link":"https:\/\/blog.polityka.pl\/adamczewski\/2009\/08\/02\/zapiekanka-z-cukinii\/","title":{"rendered":"Zapiekanka z cukinii"},"content":{"rendered":"<p><em>Ok. 1 kg m\u0142odych cukinii, 2 z\u0105bki czosnku, dymka lub niedu\u017ca cebula, 3 jaja, szklanka mleka lub \u015bmietanki 12-proc., 2 \u0142y\u017cki posiekanej zielonej pietruszki lub kolendry, rozdrobnione opakowanie  (oko\u0142o szklanki) fety o niskiej zawarto\u015bci t\u0142uszczu, s\u00f3l, pieprz, szczypta cukru, 5 \u0142y\u017cek oleju s\u0142onecznikowego.\u00a0<\/em><\/p>\n<p>1. Posieka\u0107 cebul\u0119, czosnek przecisn\u0105\u0107 przez prask\u0119 cukini\u0119 zetrze\u0107 na tarce o du\u017cych oczkach.<br \/>\n2. Na g\u0142\u0119bokiej patelni rozgrza\u0107 4 \u0142y\u017cki oleju, podsma\u017cy\u0107 najpierw czosnek z cebul\u0105, doda\u0107 nast\u0119pnie start\u0105 cukinie i chwil\u0119 podsma\u017ca\u0107. Ostudzi\u0107.<br \/>\n3. Wymiesza\u0107 podsma\u017cone jarzyny z mlekiem, jajkami, sol\u0105, cukrem, pieprzem i siekan\u0105 zielenin\u0105.<br \/>\n4. \u017baroodporne naczynie wysmarowa\u0107 pozosta\u0142ym olejem, wla\u0107 mas\u0119 jajeczno warzywn\u0105.<br \/>\n5. Nagrza\u0107 piekarnik do temperatury 180 st C i zapieka\u0107 potraw\u0119 do momentu, kiedy na wierzchu utworzy si\u0119 rumiana sk\u00f3rka.<\/p>\n","protected":false},"excerpt":{"rendered":"<p>Ok. 1 kg m\u0142odych cukinii, 2 z\u0105bki czosnku, dymka lub niedu\u017ca cebula, 3 jaja, szklanka mleka lub \u015bmietanki 12-proc., 2 \u0142y\u017cki posiekanej zielonej pietruszki lub kolendry, rozdrobnione opakowanie (oko\u0142o szklanki) fety o niskiej zawarto\u015bci t\u0142uszczu, s\u00f3l, pieprz, szczypta cukru, 5 \u0142y\u017cek oleju s\u0142onecznikowego.\u00a0 1. Posieka\u0107 cebul\u0119, czosnek przecisn\u0105\u0107 przez prask\u0119 cukini\u0119 zetrze\u0107 na tarce o [&hellip;]<\/p>\n","protected":false},"author":2,"featured_media":0,"comment_status":"open","ping_status":"open","sticky":false,"template":"","format":"standard","meta":{"footnotes":""},"categories":[1],"tags":[],"_links":{"self":[{"href":"https:\/\/blog.polityka.pl\/adamczewski\/wp-json\/wp\/v2\/posts\/10309"}],"collection":[{"href":"https:\/\/blog.polityka.pl\/adamczewski\/wp-json\/wp\/v2\/posts"}],"about":[{"href":"https:\/\/blog.polityka.pl\/adamczewski\/wp-json\/wp\/v2\/types\/post"}],"author":[{"embeddable":true,"href":"https:\/\/blog.polityka.pl\/adamczewski\/wp-json\/wp\/v2\/users\/2"}],"replies":[{"embeddable":true,"href":"https:\/\/blog.polityka.pl\/adamczewski\/wp-json\/wp\/v2\/comments?post=10309"}],"version-history":[{"count":0,"href":"https:\/\/blog.polityka.pl\/adamczewski\/wp-json\/wp\/v2\/posts\/10309\/revisions"}],"wp:attachment":[{"href":"https:\/\/blog.polityka.pl\/adamczewski\/wp-json\/wp\/v2\/media?parent=10309"}],"wp:term":[{"taxonomy":"category","embeddable":true,"href":"https:\/\/blog.polityka.pl\/adamczewski\/wp-json\/wp\/v2\/categories?post=10309"},{"taxonomy":"post_tag","embeddable":true,"href":"https:\/\/blog.polityka.pl\/adamczewski\/wp-json\/wp\/v2\/tags?post=10309"}],"curies":[{"name":"wp","href":"https:\/\/api.w.org\/{rel}","templated":true}]}}