
{"id":10310,"date":"2009-08-02T16:56:42","date_gmt":"2009-08-02T15:56:42","guid":{"rendered":"http:\/\/adamczewscy.pl\/?p=2546"},"modified":"2009-08-02T16:56:42","modified_gmt":"2009-08-02T15:56:42","slug":"ciasto-%e2%80%9erenata%e2%80%9d","status":"publish","type":"post","link":"https:\/\/blog.polityka.pl\/adamczewski\/2009\/08\/02\/ciasto-%e2%80%9erenata%e2%80%9d\/","title":{"rendered":"Ciasto ?Renata?"},"content":{"rendered":"<p><em>P\u00f3\u0142 kostki mas\u0142a, puszka zag\u0119szczonego s\u0142odzonego mleka, paczka (20 dag) s\u0142onych krakers\u00f3w (najlepiej ?Lajkonik?), 2 gar\u015bcie rodzynek.\u00a0<\/em><\/p>\n<p>1. Krakersy pokruszy\u0107 na bardzo drobne kawa\u0142ki.<br \/>\n2. Mas\u0142o rozpu\u015bci\u0107 w rondelku, do roztopionego wla\u0107 puszk\u0119 mleka i szybko zestawi\u0107 z ognia (mleko \u0142atwo przypala si\u0119).<br \/>\n3. Do mleka z mas\u0142em doda\u0107 pokruszone krakersy, rodzynki i wymiesza\u0107.<br \/>\n4. W foremce o wymiarach 30x 35 cm roz\u0142o\u017cy\u0107 warstw\u0119 ciasta i upiec na z\u0142ocisto. Gor\u0105ce ciasto wyj\u0105\u0107 wraz z papierem z blaszki i pokroi\u0107 na porcje. Wystudzone kroi si\u0119  gorzej.<\/p>\n","protected":false},"excerpt":{"rendered":"<p>P\u00f3\u0142 kostki mas\u0142a, puszka zag\u0119szczonego s\u0142odzonego mleka, paczka (20 dag) s\u0142onych krakers\u00f3w (najlepiej ?Lajkonik?), 2 gar\u015bcie rodzynek.\u00a0 1. Krakersy pokruszy\u0107 na bardzo drobne kawa\u0142ki. 2. Mas\u0142o rozpu\u015bci\u0107 w rondelku, do roztopionego wla\u0107 puszk\u0119 mleka i szybko zestawi\u0107 z ognia (mleko \u0142atwo przypala si\u0119). 3. Do mleka z mas\u0142em doda\u0107 pokruszone krakersy, rodzynki i wymiesza\u0107. 4. [&hellip;]<\/p>\n","protected":false},"author":2,"featured_media":0,"comment_status":"open","ping_status":"open","sticky":false,"template":"","format":"standard","meta":{"footnotes":""},"categories":[1],"tags":[],"_links":{"self":[{"href":"https:\/\/blog.polityka.pl\/adamczewski\/wp-json\/wp\/v2\/posts\/10310"}],"collection":[{"href":"https:\/\/blog.polityka.pl\/adamczewski\/wp-json\/wp\/v2\/posts"}],"about":[{"href":"https:\/\/blog.polityka.pl\/adamczewski\/wp-json\/wp\/v2\/types\/post"}],"author":[{"embeddable":true,"href":"https:\/\/blog.polityka.pl\/adamczewski\/wp-json\/wp\/v2\/users\/2"}],"replies":[{"embeddable":true,"href":"https:\/\/blog.polityka.pl\/adamczewski\/wp-json\/wp\/v2\/comments?post=10310"}],"version-history":[{"count":0,"href":"https:\/\/blog.polityka.pl\/adamczewski\/wp-json\/wp\/v2\/posts\/10310\/revisions"}],"wp:attachment":[{"href":"https:\/\/blog.polityka.pl\/adamczewski\/wp-json\/wp\/v2\/media?parent=10310"}],"wp:term":[{"taxonomy":"category","embeddable":true,"href":"https:\/\/blog.polityka.pl\/adamczewski\/wp-json\/wp\/v2\/categories?post=10310"},{"taxonomy":"post_tag","embeddable":true,"href":"https:\/\/blog.polityka.pl\/adamczewski\/wp-json\/wp\/v2\/tags?post=10310"}],"curies":[{"name":"wp","href":"https:\/\/api.w.org\/{rel}","templated":true}]}}