
{"id":10311,"date":"2009-08-09T20:16:53","date_gmt":"2009-08-09T19:16:53","guid":{"rendered":"http:\/\/adamczewscy.pl\/?p=2548"},"modified":"2009-08-09T20:16:53","modified_gmt":"2009-08-09T19:16:53","slug":"salatka-z-marchwi-i-migdalow","status":"publish","type":"post","link":"https:\/\/blog.polityka.pl\/adamczewski\/2009\/08\/09\/salatka-z-marchwi-i-migdalow\/","title":{"rendered":"Sa\u0142atka z marchwi i migda\u0142\u00f3w"},"content":{"rendered":"<p><em>5 sporych marchwi, dymka ze szczypiorkiem, 5 kopiastych \u0142y\u017cek p\u0142atk\u00f3w migda\u0142owych.<br \/>\nNa sos: 2 \u0142y\u017cki malinowego octu winnego, \u0142y\u017cka oliwy z oliwek, \u0142y\u017cka miodu, \u0107wier\u0107 \u0142y\u017ceczki soli, \u0107wier\u0107 \u0142y\u017ceczki mielonego pieprzu.\u00a0<\/em><\/p>\n<p>1. Marchew obra\u0107, op\u0142uka\u0107, pokroi\u0107 na cienkie plasterki.<br \/>\n2. W garnku do gotowania na parze gotowa\u0107 pokrojon\u0105 marchew  3 minuty, po czym ostudzi\u0107 j\u0105.<br \/>\n3. Sk\u0142adniki sosu umie\u015bci\u0107 w zakr\u0119canym s\u0142oiku typu twist i potrz\u0105saj\u0105c nim dok\u0142adnie wymiesza\u0107.<br \/>\n4. Do marchwi doda\u0107 posiekan\u0105 wraz ze szczypiorem dymk\u0119 i migda\u0142y,  wymiesza\u0107, pola\u0107 przygotowanym sosem i jeszcze raz wymiesza\u0107 sa\u0142atk\u0119.<\/p>\n","protected":false},"excerpt":{"rendered":"<p>5 sporych marchwi, dymka ze szczypiorkiem, 5 kopiastych \u0142y\u017cek p\u0142atk\u00f3w migda\u0142owych. Na sos: 2 \u0142y\u017cki malinowego octu winnego, \u0142y\u017cka oliwy z oliwek, \u0142y\u017cka miodu, \u0107wier\u0107 \u0142y\u017ceczki soli, \u0107wier\u0107 \u0142y\u017ceczki mielonego pieprzu.\u00a0 1. Marchew obra\u0107, op\u0142uka\u0107, pokroi\u0107 na cienkie plasterki. 2. W garnku do gotowania na parze gotowa\u0107 pokrojon\u0105 marchew 3 minuty, po czym ostudzi\u0107 j\u0105. [&hellip;]<\/p>\n","protected":false},"author":2,"featured_media":0,"comment_status":"open","ping_status":"open","sticky":false,"template":"","format":"standard","meta":{"footnotes":""},"categories":[1],"tags":[],"_links":{"self":[{"href":"https:\/\/blog.polityka.pl\/adamczewski\/wp-json\/wp\/v2\/posts\/10311"}],"collection":[{"href":"https:\/\/blog.polityka.pl\/adamczewski\/wp-json\/wp\/v2\/posts"}],"about":[{"href":"https:\/\/blog.polityka.pl\/adamczewski\/wp-json\/wp\/v2\/types\/post"}],"author":[{"embeddable":true,"href":"https:\/\/blog.polityka.pl\/adamczewski\/wp-json\/wp\/v2\/users\/2"}],"replies":[{"embeddable":true,"href":"https:\/\/blog.polityka.pl\/adamczewski\/wp-json\/wp\/v2\/comments?post=10311"}],"version-history":[{"count":0,"href":"https:\/\/blog.polityka.pl\/adamczewski\/wp-json\/wp\/v2\/posts\/10311\/revisions"}],"wp:attachment":[{"href":"https:\/\/blog.polityka.pl\/adamczewski\/wp-json\/wp\/v2\/media?parent=10311"}],"wp:term":[{"taxonomy":"category","embeddable":true,"href":"https:\/\/blog.polityka.pl\/adamczewski\/wp-json\/wp\/v2\/categories?post=10311"},{"taxonomy":"post_tag","embeddable":true,"href":"https:\/\/blog.polityka.pl\/adamczewski\/wp-json\/wp\/v2\/tags?post=10311"}],"curies":[{"name":"wp","href":"https:\/\/api.w.org\/{rel}","templated":true}]}}