
{"id":10312,"date":"2009-08-09T20:17:37","date_gmt":"2009-08-09T19:17:37","guid":{"rendered":"http:\/\/adamczewscy.pl\/?p=2549"},"modified":"2009-08-09T20:17:37","modified_gmt":"2009-08-09T19:17:37","slug":"salatka-brokulowa","status":"publish","type":"post","link":"https:\/\/blog.polityka.pl\/adamczewski\/2009\/08\/09\/salatka-brokulowa\/","title":{"rendered":"Sa\u0142atka broku\u0142owa"},"content":{"rendered":"<p><em>Niedu\u017ca r\u00f3\u017cyczka broku\u0142u,  pomara\u0144cza, p\u00f3\u0142 ma\u0142ej czerwonej cebuli, \u0142y\u017cka posiekanych listk\u00f3w kolendry, \u0107wier\u0107 \u0142y\u017ceczki zmielonego czarnego pieprzu.<br \/>\nNa sos: 2 \u0142y\u017cki soku pomara\u0144czowego, 2 \u0142y\u017ceczki miodu, 2 \u0142y\u017ceczki sosu sojowego, \u0142y\u017ceczka octu jab\u0142kowego lub winnego, 2 \u0142y\u017cki oliwy lub dobrego oleju. <\/em><\/p>\n<p>1. Sk\u0142adniki sosu umie\u015bci\u0107 w zakr\u0119canym s\u0142oiku typu twist, starannie wymiesza\u0107 potrz\u0105saj\u0105c nim.<br \/>\n2. Broku\u0142 podzieli\u0107 na bardzo drobne kawa\u0142ki, wrzuci\u0107 do wrz\u0105cej wody i po 3 minutach odcedzi\u0107, przela\u0107 zimn\u0105 wod\u0105. Ostudzi\u0107.<br \/>\n3. Pomara\u0144cz\u0119 obra\u0107, pokroi\u0107 na cienkie plasterki, kt\u00f3re podzieli\u0107 na \u0107wiartki.<br \/>\n4. Cebul\u0119 pokroi\u0107 na cienkie plasterki i  nast\u0119pnie podzieli\u0107 na kr\u0105\u017cki.<br \/>\n5. Wymiesza\u0107 broku\u0142y z pomara\u0144cz\u0105 i kolendr\u0105, pola\u0107 sosem, wymiesza\u0107, po czym na wierzchu u\u0142o\u017cy\u0107 kr\u0105\u017cki cebuli i posypa\u0107 pieprzem. <\/p>\n","protected":false},"excerpt":{"rendered":"<p>Niedu\u017ca r\u00f3\u017cyczka broku\u0142u, pomara\u0144cza, p\u00f3\u0142 ma\u0142ej czerwonej cebuli, \u0142y\u017cka posiekanych listk\u00f3w kolendry, \u0107wier\u0107 \u0142y\u017ceczki zmielonego czarnego pieprzu. Na sos: 2 \u0142y\u017cki soku pomara\u0144czowego, 2 \u0142y\u017ceczki miodu, 2 \u0142y\u017ceczki sosu sojowego, \u0142y\u017ceczka octu jab\u0142kowego lub winnego, 2 \u0142y\u017cki oliwy lub dobrego oleju. 1. Sk\u0142adniki sosu umie\u015bci\u0107 w zakr\u0119canym s\u0142oiku typu twist, starannie wymiesza\u0107 potrz\u0105saj\u0105c nim. 2. [&hellip;]<\/p>\n","protected":false},"author":2,"featured_media":0,"comment_status":"open","ping_status":"open","sticky":false,"template":"","format":"standard","meta":{"footnotes":""},"categories":[1],"tags":[],"_links":{"self":[{"href":"https:\/\/blog.polityka.pl\/adamczewski\/wp-json\/wp\/v2\/posts\/10312"}],"collection":[{"href":"https:\/\/blog.polityka.pl\/adamczewski\/wp-json\/wp\/v2\/posts"}],"about":[{"href":"https:\/\/blog.polityka.pl\/adamczewski\/wp-json\/wp\/v2\/types\/post"}],"author":[{"embeddable":true,"href":"https:\/\/blog.polityka.pl\/adamczewski\/wp-json\/wp\/v2\/users\/2"}],"replies":[{"embeddable":true,"href":"https:\/\/blog.polityka.pl\/adamczewski\/wp-json\/wp\/v2\/comments?post=10312"}],"version-history":[{"count":0,"href":"https:\/\/blog.polityka.pl\/adamczewski\/wp-json\/wp\/v2\/posts\/10312\/revisions"}],"wp:attachment":[{"href":"https:\/\/blog.polityka.pl\/adamczewski\/wp-json\/wp\/v2\/media?parent=10312"}],"wp:term":[{"taxonomy":"category","embeddable":true,"href":"https:\/\/blog.polityka.pl\/adamczewski\/wp-json\/wp\/v2\/categories?post=10312"},{"taxonomy":"post_tag","embeddable":true,"href":"https:\/\/blog.polityka.pl\/adamczewski\/wp-json\/wp\/v2\/tags?post=10312"}],"curies":[{"name":"wp","href":"https:\/\/api.w.org\/{rel}","templated":true}]}}