
{"id":10313,"date":"2009-08-09T20:22:40","date_gmt":"2009-08-09T19:22:40","guid":{"rendered":"http:\/\/adamczewscy.pl\/?p=2550"},"modified":"2009-08-09T20:22:40","modified_gmt":"2009-08-09T19:22:40","slug":"rukola-z-gruszka-i-sosem-jogurtowym","status":"publish","type":"post","link":"https:\/\/blog.polityka.pl\/adamczewski\/2009\/08\/09\/rukola-z-gruszka-i-sosem-jogurtowym\/","title":{"rendered":"Rukola z gruszk\u0105 i sosem jogurtowym"},"content":{"rendered":"<p><em>Paczka rukoli, du\u017ca s\u0142odka gruszka, 3 \u0142y\u017cki posiekanych orzech\u00f3w w\u0142oskich<br \/>\nNa sos: szklanka jogurtu naturalnego, s\u00f3l, pieprz, p\u00f3\u0142 \u0142y\u017ceczki drobno posiekanego \u015bwie\u017cego tymianku.\u00a0<\/em><\/p>\n<p>1. Rukol\u0119 umy\u0107,  ile nie jest kupiona ju\u017c umyta. Osuszy\u0107. W\u0142o\u017cy\u0107 do salaterki.<br \/>\n2. Gruszk\u0119 pokroi\u0107 w cienkie plasterki, usuwaj\u0105c gniazda nasienne. Doda\u0107 do rukol\u0119.<br \/>\n3. Wymiesza\u0107 jogurt z pieprzem i sol\u0105 oraz siekanym tymiankiem do smaku, pola\u0107 rukol\u0119 z gruszkami, z wierzchu posypa\u0107 siekanymi orzechami.<\/p>\n","protected":false},"excerpt":{"rendered":"<p>Paczka rukoli, du\u017ca s\u0142odka gruszka, 3 \u0142y\u017cki posiekanych orzech\u00f3w w\u0142oskich Na sos: szklanka jogurtu naturalnego, s\u00f3l, pieprz, p\u00f3\u0142 \u0142y\u017ceczki drobno posiekanego \u015bwie\u017cego tymianku.\u00a0 1. Rukol\u0119 umy\u0107, ile nie jest kupiona ju\u017c umyta. Osuszy\u0107. W\u0142o\u017cy\u0107 do salaterki. 2. Gruszk\u0119 pokroi\u0107 w cienkie plasterki, usuwaj\u0105c gniazda nasienne. Doda\u0107 do rukol\u0119. 3. Wymiesza\u0107 jogurt z pieprzem i sol\u0105 [&hellip;]<\/p>\n","protected":false},"author":2,"featured_media":0,"comment_status":"open","ping_status":"open","sticky":false,"template":"","format":"standard","meta":{"footnotes":""},"categories":[1],"tags":[],"_links":{"self":[{"href":"https:\/\/blog.polityka.pl\/adamczewski\/wp-json\/wp\/v2\/posts\/10313"}],"collection":[{"href":"https:\/\/blog.polityka.pl\/adamczewski\/wp-json\/wp\/v2\/posts"}],"about":[{"href":"https:\/\/blog.polityka.pl\/adamczewski\/wp-json\/wp\/v2\/types\/post"}],"author":[{"embeddable":true,"href":"https:\/\/blog.polityka.pl\/adamczewski\/wp-json\/wp\/v2\/users\/2"}],"replies":[{"embeddable":true,"href":"https:\/\/blog.polityka.pl\/adamczewski\/wp-json\/wp\/v2\/comments?post=10313"}],"version-history":[{"count":0,"href":"https:\/\/blog.polityka.pl\/adamczewski\/wp-json\/wp\/v2\/posts\/10313\/revisions"}],"wp:attachment":[{"href":"https:\/\/blog.polityka.pl\/adamczewski\/wp-json\/wp\/v2\/media?parent=10313"}],"wp:term":[{"taxonomy":"category","embeddable":true,"href":"https:\/\/blog.polityka.pl\/adamczewski\/wp-json\/wp\/v2\/categories?post=10313"},{"taxonomy":"post_tag","embeddable":true,"href":"https:\/\/blog.polityka.pl\/adamczewski\/wp-json\/wp\/v2\/tags?post=10313"}],"curies":[{"name":"wp","href":"https:\/\/api.w.org\/{rel}","templated":true}]}}