
{"id":10314,"date":"2009-08-09T20:23:18","date_gmt":"2009-08-09T19:23:18","guid":{"rendered":"http:\/\/adamczewscy.pl\/?p=2551"},"modified":"2009-08-09T20:23:18","modified_gmt":"2009-08-09T19:23:18","slug":"powidla-morelowe","status":"publish","type":"post","link":"https:\/\/blog.polityka.pl\/adamczewski\/2009\/08\/09\/powidla-morelowe\/","title":{"rendered":"Powid\u0142a morelowe"},"content":{"rendered":"<p><em>5 kg moreli, 2 kg cukru.\u00a0<\/em><\/p>\n<p>1. Morele umy\u0107 os\u0105czy\u0107, usun\u0105\u0107 pestki.<br \/>\n2. Morele bez pestek w\u0142o\u017cy\u0107 do du\u017cego garnka, wla\u0107 p\u00f3\u0142 szklanki wody i &#8211; mieszaj\u0105c od czasu do czasu &#8211; dusi\u0107 owoce na jak najmniejszym ogniu, oko\u0142o 6 godzin. Powid\u0142a powinny tylko lekko ? mruga\u0107?<br \/>\n3. Po up\u0142ywie tego czasu doda\u0107,  pr\u00f3buj\u0105c, cukier i dalej jeszcze gotowa\u0107,  teraz ju\u017c bardzo cz\u0119sto mieszaj\u0105c, aby powid\u0142a si\u0119 nie przypali\u0142y.<br \/>\n4. Gor\u0105ce powid\u0142a wk\u0142ada\u0107 do wyparzonych i wyp\u0142ukanych spirytusem s\u0142oik\u00f3w. Zakr\u0119ca\u0107 od razu przykrywkami.<\/p>\n","protected":false},"excerpt":{"rendered":"<p>5 kg moreli, 2 kg cukru.\u00a0 1. Morele umy\u0107 os\u0105czy\u0107, usun\u0105\u0107 pestki. 2. Morele bez pestek w\u0142o\u017cy\u0107 do du\u017cego garnka, wla\u0107 p\u00f3\u0142 szklanki wody i &#8211; mieszaj\u0105c od czasu do czasu &#8211; dusi\u0107 owoce na jak najmniejszym ogniu, oko\u0142o 6 godzin. Powid\u0142a powinny tylko lekko ? mruga\u0107? 3. Po up\u0142ywie tego czasu doda\u0107, pr\u00f3buj\u0105c, cukier [&hellip;]<\/p>\n","protected":false},"author":2,"featured_media":0,"comment_status":"open","ping_status":"open","sticky":false,"template":"","format":"standard","meta":{"footnotes":""},"categories":[1],"tags":[],"_links":{"self":[{"href":"https:\/\/blog.polityka.pl\/adamczewski\/wp-json\/wp\/v2\/posts\/10314"}],"collection":[{"href":"https:\/\/blog.polityka.pl\/adamczewski\/wp-json\/wp\/v2\/posts"}],"about":[{"href":"https:\/\/blog.polityka.pl\/adamczewski\/wp-json\/wp\/v2\/types\/post"}],"author":[{"embeddable":true,"href":"https:\/\/blog.polityka.pl\/adamczewski\/wp-json\/wp\/v2\/users\/2"}],"replies":[{"embeddable":true,"href":"https:\/\/blog.polityka.pl\/adamczewski\/wp-json\/wp\/v2\/comments?post=10314"}],"version-history":[{"count":0,"href":"https:\/\/blog.polityka.pl\/adamczewski\/wp-json\/wp\/v2\/posts\/10314\/revisions"}],"wp:attachment":[{"href":"https:\/\/blog.polityka.pl\/adamczewski\/wp-json\/wp\/v2\/media?parent=10314"}],"wp:term":[{"taxonomy":"category","embeddable":true,"href":"https:\/\/blog.polityka.pl\/adamczewski\/wp-json\/wp\/v2\/categories?post=10314"},{"taxonomy":"post_tag","embeddable":true,"href":"https:\/\/blog.polityka.pl\/adamczewski\/wp-json\/wp\/v2\/tags?post=10314"}],"curies":[{"name":"wp","href":"https:\/\/api.w.org\/{rel}","templated":true}]}}