
{"id":10316,"date":"2009-08-09T20:24:59","date_gmt":"2009-08-09T19:24:59","guid":{"rendered":"http:\/\/adamczewscy.pl\/?p=2553"},"modified":"2009-08-09T20:24:59","modified_gmt":"2009-08-09T19:24:59","slug":"cukinia-z-czosnkiem-i-zielona-pietruszka","status":"publish","type":"post","link":"https:\/\/blog.polityka.pl\/adamczewski\/2009\/08\/09\/cukinia-z-czosnkiem-i-zielona-pietruszka\/","title":{"rendered":"Cukinia z czosnkiem i zielon\u0105 pietruszk\u0105"},"content":{"rendered":"<p><em>2 cienkie niedu\u017ce m\u0142ode cukinie, wagi oko\u0142o 50 dag \u0142\u0105cznie, 2 z\u0105bki czosnku, 2 \u0142y\u017cki siekanej zielonej pietruszki, 2 \u0142y\u017cki oliwy z oliwek lub oleju, s\u00f3l, pieprz i kilka kropel soku cytrynowego do smaku.\u00a0<\/em><\/p>\n<p>1. Cukinie pokroi\u0107 w plasterki.<br \/>\n2. Na rozgrzan\u0105 oliw\u0119 wrzuci\u0107 pokrojon\u0105 cukini\u0119, podsma\u017ca\u0107 przez 3 minuty.<br \/>\n3. Czosnek przecisn\u0105\u0107 przez prask\u0119 lub drobniutko posieka\u0107, doda\u0107 do podsma\u017conej cukinii i razem sma\u017cy\u0107 jeszcze 3 minuty, doprawiaj\u0105c sol\u0105, pieprzem, sokiem cytrynowym i siekan\u0105 zielon\u0105 pietruszk\u0105.<\/p>\n<p>Cukinia tak przyrz\u0105dzona jest znakomitym dodatkiem do da\u0144 mi\u0119snych i rybnych, mo\u017cna j\u0105 podawa\u0107 na gor\u0105co lub lekko ostudzon\u0105.<\/p>\n","protected":false},"excerpt":{"rendered":"<p>2 cienkie niedu\u017ce m\u0142ode cukinie, wagi oko\u0142o 50 dag \u0142\u0105cznie, 2 z\u0105bki czosnku, 2 \u0142y\u017cki siekanej zielonej pietruszki, 2 \u0142y\u017cki oliwy z oliwek lub oleju, s\u00f3l, pieprz i kilka kropel soku cytrynowego do smaku.\u00a0 1. Cukinie pokroi\u0107 w plasterki. 2. Na rozgrzan\u0105 oliw\u0119 wrzuci\u0107 pokrojon\u0105 cukini\u0119, podsma\u017ca\u0107 przez 3 minuty. 3. Czosnek przecisn\u0105\u0107 przez prask\u0119 [&hellip;]<\/p>\n","protected":false},"author":2,"featured_media":0,"comment_status":"open","ping_status":"open","sticky":false,"template":"","format":"standard","meta":{"footnotes":""},"categories":[1],"tags":[],"_links":{"self":[{"href":"https:\/\/blog.polityka.pl\/adamczewski\/wp-json\/wp\/v2\/posts\/10316"}],"collection":[{"href":"https:\/\/blog.polityka.pl\/adamczewski\/wp-json\/wp\/v2\/posts"}],"about":[{"href":"https:\/\/blog.polityka.pl\/adamczewski\/wp-json\/wp\/v2\/types\/post"}],"author":[{"embeddable":true,"href":"https:\/\/blog.polityka.pl\/adamczewski\/wp-json\/wp\/v2\/users\/2"}],"replies":[{"embeddable":true,"href":"https:\/\/blog.polityka.pl\/adamczewski\/wp-json\/wp\/v2\/comments?post=10316"}],"version-history":[{"count":0,"href":"https:\/\/blog.polityka.pl\/adamczewski\/wp-json\/wp\/v2\/posts\/10316\/revisions"}],"wp:attachment":[{"href":"https:\/\/blog.polityka.pl\/adamczewski\/wp-json\/wp\/v2\/media?parent=10316"}],"wp:term":[{"taxonomy":"category","embeddable":true,"href":"https:\/\/blog.polityka.pl\/adamczewski\/wp-json\/wp\/v2\/categories?post=10316"},{"taxonomy":"post_tag","embeddable":true,"href":"https:\/\/blog.polityka.pl\/adamczewski\/wp-json\/wp\/v2\/tags?post=10316"}],"curies":[{"name":"wp","href":"https:\/\/api.w.org\/{rel}","templated":true}]}}