
{"id":10317,"date":"2009-08-17T09:02:06","date_gmt":"2009-08-17T08:02:06","guid":{"rendered":"http:\/\/adamczewscy.pl\/?p=2555"},"modified":"2009-08-17T09:02:06","modified_gmt":"2009-08-17T08:02:06","slug":"pilaw-pomidorowy","status":"publish","type":"post","link":"https:\/\/blog.polityka.pl\/adamczewski\/2009\/08\/17\/pilaw-pomidorowy\/","title":{"rendered":"Pilaw pomidorowy"},"content":{"rendered":"<p><em>5 \u015brednich dojrza\u0142ych pomidor\u00f3w, 3 woreczki ry\u017cu do gotowania, 2 \u0142y\u017cki mas\u0142a, dymka lub p\u00f3\u0142 cebuli, 3 szklanki roso\u0142u warzywnego (przygotowanego z kostki), s\u00f3l, pieprz do smaku, \u0142y\u017cka posiekanej zielonej pietruszki.<\/p>\n<p><\/em>1. W naczyniu do zapiekania (powinno mie\u0107 dopasowan\u0105 pokrywk\u0119) rozgrza\u0107 \u0142y\u017ck\u0119 mas\u0142a, doda\u0107 posiekan\u0105 drobno cebule i chwil\u0119 ja sma\u017cy\u0107, kiedy b\u0119dzie szklista doda\u0107 ry\u017c i mieszaj\u0105c  sma\u017cy\u0107 kilka minut, aby t\u0142uszcz dok\u0142adnie po\u0142\u0105czy\u0142  si\u0119 z ry\u017cem.<br \/>\n2. Pomidory sparzy\u0107, zdj\u0105\u0107 sk\u00f3rk\u0119 i rozdrobni\u0107 za pomoc\u0105 widelca, doda\u0107 do ry\u017cu. Sma\u017cy\u0107 4 &#8211; 5 minut.<br \/>\n3. Wla\u0107 do ry\u017cu wrz\u0105cy ros\u00f3\u0142 warzywny, wymiesza\u0107 i  nakry\u0107 pokrywk\u0105 .Wstawi\u0107 do nagrzanego do 190 st C piekarnika na 10 minut.<br \/>\n4. Podaj\u0105c doda\u0107 pozosta\u0142e mas\u0142o, s\u00f3l i pieprz do smaku, posypa\u0107 siekan\u0105 zielon\u0105 pietruszk\u0105.<\/p>\n","protected":false},"excerpt":{"rendered":"<p>5 \u015brednich dojrza\u0142ych pomidor\u00f3w, 3 woreczki ry\u017cu do gotowania, 2 \u0142y\u017cki mas\u0142a, dymka lub p\u00f3\u0142 cebuli, 3 szklanki roso\u0142u warzywnego (przygotowanego z kostki), s\u00f3l, pieprz do smaku, \u0142y\u017cka posiekanej zielonej pietruszki. 1. W naczyniu do zapiekania (powinno mie\u0107 dopasowan\u0105 pokrywk\u0119) rozgrza\u0107 \u0142y\u017ck\u0119 mas\u0142a, doda\u0107 posiekan\u0105 drobno cebule i chwil\u0119 ja sma\u017cy\u0107, kiedy b\u0119dzie szklista doda\u0107 [&hellip;]<\/p>\n","protected":false},"author":2,"featured_media":0,"comment_status":"open","ping_status":"open","sticky":false,"template":"","format":"standard","meta":{"footnotes":""},"categories":[1],"tags":[],"_links":{"self":[{"href":"https:\/\/blog.polityka.pl\/adamczewski\/wp-json\/wp\/v2\/posts\/10317"}],"collection":[{"href":"https:\/\/blog.polityka.pl\/adamczewski\/wp-json\/wp\/v2\/posts"}],"about":[{"href":"https:\/\/blog.polityka.pl\/adamczewski\/wp-json\/wp\/v2\/types\/post"}],"author":[{"embeddable":true,"href":"https:\/\/blog.polityka.pl\/adamczewski\/wp-json\/wp\/v2\/users\/2"}],"replies":[{"embeddable":true,"href":"https:\/\/blog.polityka.pl\/adamczewski\/wp-json\/wp\/v2\/comments?post=10317"}],"version-history":[{"count":0,"href":"https:\/\/blog.polityka.pl\/adamczewski\/wp-json\/wp\/v2\/posts\/10317\/revisions"}],"wp:attachment":[{"href":"https:\/\/blog.polityka.pl\/adamczewski\/wp-json\/wp\/v2\/media?parent=10317"}],"wp:term":[{"taxonomy":"category","embeddable":true,"href":"https:\/\/blog.polityka.pl\/adamczewski\/wp-json\/wp\/v2\/categories?post=10317"},{"taxonomy":"post_tag","embeddable":true,"href":"https:\/\/blog.polityka.pl\/adamczewski\/wp-json\/wp\/v2\/tags?post=10317"}],"curies":[{"name":"wp","href":"https:\/\/api.w.org\/{rel}","templated":true}]}}