
{"id":10319,"date":"2009-08-17T09:03:50","date_gmt":"2009-08-17T08:03:50","guid":{"rendered":"http:\/\/adamczewscy.pl\/?p=2557"},"modified":"2009-08-17T09:03:50","modified_gmt":"2009-08-17T08:03:50","slug":"papryka-w-miodowej-marynacie","status":"publish","type":"post","link":"https:\/\/blog.polityka.pl\/adamczewski\/2009\/08\/17\/papryka-w-miodowej-marynacie\/","title":{"rendered":"Papryka w miodowej marynacie"},"content":{"rendered":"<p><em>Ok. 2 kg czerwonej papryki<br \/>\nNa marynat\u0119: szklanka octu (10-proc.), 5 szklanek wody, 2 \u0142y\u017cki miodu (najlepszy jest wielokwiatowy), 3 li\u015bcie laurowe, 2 \u0142y\u017cki soli, 6-8 \u0142y\u017cek oleju, tyle\u017c ga\u0142\u0105zek zielonej pietruszki.<br \/>\nZ tej ilo\u015bci sk\u0142adnik\u00f3w  b\u0119dzie 6 &#8211; 8 s\u0142oik\u00f3w  o pojemno\u015bci 0,5 l.<\/em><\/p>\n<p>1. Papryki oczy\u015bci\u0107 usuwaj\u0105c gniazda nasienne, pokroi\u0107  w  kilkucentymetrowej szeroko\u015bci paski i powk\u0142ada\u0107 do s\u0142oiczk\u00f3w. Do ka\u017cdego s\u0142oiczka w\u0142o\u017cy\u0107 ga\u0142\u0105zk\u0119 zielonej pietruszki i wla\u0107  \u0142y\u017ck\u0119 oleju.<br \/>\n2. Zagotowa\u0107 sk\u0142adniki zalewy i gor\u0105c\u0105 zala\u0107   papryk\u0119. Zakr\u0119ci\u0107 s\u0142oiczki.<br \/>\n3. Pasteryzowac 15 minut wk\u0142adaj\u0105c do ciep\u0142ej wody (aby s\u0142oiki nie p\u0119k\u0142y).<br \/>\nPo  pasteryzacji ostudzi\u0107 s\u0142oiki w tym samym naczyniu i och\u0142odzone wyj\u0105\u0107.<\/p>\n","protected":false},"excerpt":{"rendered":"<p>Ok. 2 kg czerwonej papryki Na marynat\u0119: szklanka octu (10-proc.), 5 szklanek wody, 2 \u0142y\u017cki miodu (najlepszy jest wielokwiatowy), 3 li\u015bcie laurowe, 2 \u0142y\u017cki soli, 6-8 \u0142y\u017cek oleju, tyle\u017c ga\u0142\u0105zek zielonej pietruszki. Z tej ilo\u015bci sk\u0142adnik\u00f3w b\u0119dzie 6 &#8211; 8 s\u0142oik\u00f3w o pojemno\u015bci 0,5 l. 1. Papryki oczy\u015bci\u0107 usuwaj\u0105c gniazda nasienne, pokroi\u0107 w kilkucentymetrowej szeroko\u015bci [&hellip;]<\/p>\n","protected":false},"author":2,"featured_media":0,"comment_status":"open","ping_status":"open","sticky":false,"template":"","format":"standard","meta":{"footnotes":""},"categories":[1],"tags":[],"_links":{"self":[{"href":"https:\/\/blog.polityka.pl\/adamczewski\/wp-json\/wp\/v2\/posts\/10319"}],"collection":[{"href":"https:\/\/blog.polityka.pl\/adamczewski\/wp-json\/wp\/v2\/posts"}],"about":[{"href":"https:\/\/blog.polityka.pl\/adamczewski\/wp-json\/wp\/v2\/types\/post"}],"author":[{"embeddable":true,"href":"https:\/\/blog.polityka.pl\/adamczewski\/wp-json\/wp\/v2\/users\/2"}],"replies":[{"embeddable":true,"href":"https:\/\/blog.polityka.pl\/adamczewski\/wp-json\/wp\/v2\/comments?post=10319"}],"version-history":[{"count":0,"href":"https:\/\/blog.polityka.pl\/adamczewski\/wp-json\/wp\/v2\/posts\/10319\/revisions"}],"wp:attachment":[{"href":"https:\/\/blog.polityka.pl\/adamczewski\/wp-json\/wp\/v2\/media?parent=10319"}],"wp:term":[{"taxonomy":"category","embeddable":true,"href":"https:\/\/blog.polityka.pl\/adamczewski\/wp-json\/wp\/v2\/categories?post=10319"},{"taxonomy":"post_tag","embeddable":true,"href":"https:\/\/blog.polityka.pl\/adamczewski\/wp-json\/wp\/v2\/tags?post=10319"}],"curies":[{"name":"wp","href":"https:\/\/api.w.org\/{rel}","templated":true}]}}