
{"id":10323,"date":"2009-08-17T09:06:34","date_gmt":"2009-08-17T08:06:34","guid":{"rendered":"http:\/\/adamczewscy.pl\/?p=2561"},"modified":"2009-08-17T09:06:34","modified_gmt":"2009-08-17T08:06:34","slug":"brokuly-z-winegretem","status":"publish","type":"post","link":"https:\/\/blog.polityka.pl\/adamczewski\/2009\/08\/17\/brokuly-z-winegretem\/","title":{"rendered":"Broku\u0142y z winegretem"},"content":{"rendered":"<p><em>R\u00f3\u017cyczka broku\u0142\u00f3w, s\u00f3l.<br \/>\nNa sos: p\u00f3\u0142torej  \u0142y\u017cki octu balsamicznego, p\u00f3\u0142 \u0142y\u017ceczki miodu,5  \u0142y\u017cek oliwy lub oleju z pestek winogron, s\u00f3l, pieprz, z\u0105bek czosnku.<\/em><\/p>\n<p>1. Broku\u0142y podzieli\u0107 na drobne, mniej wi\u0119cej r\u00f3wnej wielko\u015bci cz\u0105stki, obgotowa\u0107 3 minuty we wrz\u0105cej lekko osolonej wodzie, ods\u0105czy\u0107 i ostudzi\u0107.<br \/>\n2. Wszystkie sk\u0142adniki sosu umie\u015bci\u0107 w zakr\u0119canym s\u0142oiku i starannie wymiesza\u0107 potrz\u0105saj\u0105c s\u0142oikiem.<br \/>\n3. Ugotowane broku\u0142y  u\u0142o\u017cy\u0107  na p\u00f3\u0142misku i obficie pola\u0107  sosem winegret.<\/p>\n","protected":false},"excerpt":{"rendered":"<p>R\u00f3\u017cyczka broku\u0142\u00f3w, s\u00f3l. Na sos: p\u00f3\u0142torej \u0142y\u017cki octu balsamicznego, p\u00f3\u0142 \u0142y\u017ceczki miodu,5 \u0142y\u017cek oliwy lub oleju z pestek winogron, s\u00f3l, pieprz, z\u0105bek czosnku. 1. Broku\u0142y podzieli\u0107 na drobne, mniej wi\u0119cej r\u00f3wnej wielko\u015bci cz\u0105stki, obgotowa\u0107 3 minuty we wrz\u0105cej lekko osolonej wodzie, ods\u0105czy\u0107 i ostudzi\u0107. 2. Wszystkie sk\u0142adniki sosu umie\u015bci\u0107 w zakr\u0119canym s\u0142oiku i starannie wymiesza\u0107 [&hellip;]<\/p>\n","protected":false},"author":2,"featured_media":0,"comment_status":"open","ping_status":"open","sticky":false,"template":"","format":"standard","meta":{"footnotes":""},"categories":[1],"tags":[],"_links":{"self":[{"href":"https:\/\/blog.polityka.pl\/adamczewski\/wp-json\/wp\/v2\/posts\/10323"}],"collection":[{"href":"https:\/\/blog.polityka.pl\/adamczewski\/wp-json\/wp\/v2\/posts"}],"about":[{"href":"https:\/\/blog.polityka.pl\/adamczewski\/wp-json\/wp\/v2\/types\/post"}],"author":[{"embeddable":true,"href":"https:\/\/blog.polityka.pl\/adamczewski\/wp-json\/wp\/v2\/users\/2"}],"replies":[{"embeddable":true,"href":"https:\/\/blog.polityka.pl\/adamczewski\/wp-json\/wp\/v2\/comments?post=10323"}],"version-history":[{"count":0,"href":"https:\/\/blog.polityka.pl\/adamczewski\/wp-json\/wp\/v2\/posts\/10323\/revisions"}],"wp:attachment":[{"href":"https:\/\/blog.polityka.pl\/adamczewski\/wp-json\/wp\/v2\/media?parent=10323"}],"wp:term":[{"taxonomy":"category","embeddable":true,"href":"https:\/\/blog.polityka.pl\/adamczewski\/wp-json\/wp\/v2\/categories?post=10323"},{"taxonomy":"post_tag","embeddable":true,"href":"https:\/\/blog.polityka.pl\/adamczewski\/wp-json\/wp\/v2\/tags?post=10323"}],"curies":[{"name":"wp","href":"https:\/\/api.w.org\/{rel}","templated":true}]}}