
{"id":10326,"date":"2009-08-23T17:14:51","date_gmt":"2009-08-23T16:14:51","guid":{"rendered":"http:\/\/adamczewscy.pl\/?p=2566"},"modified":"2009-08-23T17:14:51","modified_gmt":"2009-08-23T16:14:51","slug":"olatki-ryzowe-wedlug-%e2%80%9epraktycznego-kucharza-warszawskiego%e2%80%9d","status":"publish","type":"post","link":"https:\/\/blog.polityka.pl\/adamczewski\/2009\/08\/23\/olatki-ryzowe-wedlug-%e2%80%9epraktycznego-kucharza-warszawskiego%e2%80%9d\/","title":{"rendered":"O\u0142atki ry\u017cowe wed\u0142ug ?Praktycznego Kucharza Warszawskiego?"},"content":{"rendered":"<p><em>2 woreczki ry\u017cu do gotowania, 2 szklanki mleka, \u0142y\u017ceczka mas\u0142a, jajko, szczypta soli, 2 &#8211; 3 \u0142y\u017cki cukru, p\u00f3\u0142 \u0142y\u017ceczki startej na tarce sk\u00f3rki cytrynowej.<br \/>\nDo panierowania: 2 \u0142y\u017cki tartej bu\u0142ki.<br \/>\nDo sma\u017cenia: \u0142y\u017cka mas\u0142a i 2 \u0142y\u017cki oleju.<br \/>\nJako dodatek: dowolna konfitura lub cukier puder albo kryszta\u0142.\u00a0<\/em><\/p>\n<p>1. Ugotowa\u0107 ry\u017c w woreczkach wed\u0142ug przepisu na opakowaniu, po czym wysypa\u0107 z woreczk\u00f3w, zala\u0107 mlekiem i gotowa\u0107, a\u017c si\u0119 zupe\u0142nie rozklei (gdyby brakowa\u0142o p\u0142ynu &#8211; dolewa\u0107 po odrobinie wody).<br \/>\n2. Rozgotowany ry\u017c ostudzi\u0107, rozetrze\u0107 drewnian\u0105 \u0142y\u017ck\u0105 dodaj\u0105c odrobin\u0119 cukru, sk\u00f3rki cytrynowej i jajko. Wilgotnymi d\u0142o\u0144mi formowa\u0107 okr\u0105g\u0142e, sp\u0142aszczone placuszki, obtacza\u0107 w tartej bu\u0142ce.<br \/>\n3. O\u0142atki sma\u017cy\u0107 na mieszance oleju z mas\u0142em. Podawa\u0107 z dodatkiem konfitury lub cukru.<\/p>\n","protected":false},"excerpt":{"rendered":"<p>2 woreczki ry\u017cu do gotowania, 2 szklanki mleka, \u0142y\u017ceczka mas\u0142a, jajko, szczypta soli, 2 &#8211; 3 \u0142y\u017cki cukru, p\u00f3\u0142 \u0142y\u017ceczki startej na tarce sk\u00f3rki cytrynowej. Do panierowania: 2 \u0142y\u017cki tartej bu\u0142ki. Do sma\u017cenia: \u0142y\u017cka mas\u0142a i 2 \u0142y\u017cki oleju. Jako dodatek: dowolna konfitura lub cukier puder albo kryszta\u0142.\u00a0 1. Ugotowa\u0107 ry\u017c w woreczkach wed\u0142ug przepisu [&hellip;]<\/p>\n","protected":false},"author":2,"featured_media":0,"comment_status":"open","ping_status":"open","sticky":false,"template":"","format":"standard","meta":{"footnotes":""},"categories":[1],"tags":[],"_links":{"self":[{"href":"https:\/\/blog.polityka.pl\/adamczewski\/wp-json\/wp\/v2\/posts\/10326"}],"collection":[{"href":"https:\/\/blog.polityka.pl\/adamczewski\/wp-json\/wp\/v2\/posts"}],"about":[{"href":"https:\/\/blog.polityka.pl\/adamczewski\/wp-json\/wp\/v2\/types\/post"}],"author":[{"embeddable":true,"href":"https:\/\/blog.polityka.pl\/adamczewski\/wp-json\/wp\/v2\/users\/2"}],"replies":[{"embeddable":true,"href":"https:\/\/blog.polityka.pl\/adamczewski\/wp-json\/wp\/v2\/comments?post=10326"}],"version-history":[{"count":0,"href":"https:\/\/blog.polityka.pl\/adamczewski\/wp-json\/wp\/v2\/posts\/10326\/revisions"}],"wp:attachment":[{"href":"https:\/\/blog.polityka.pl\/adamczewski\/wp-json\/wp\/v2\/media?parent=10326"}],"wp:term":[{"taxonomy":"category","embeddable":true,"href":"https:\/\/blog.polityka.pl\/adamczewski\/wp-json\/wp\/v2\/categories?post=10326"},{"taxonomy":"post_tag","embeddable":true,"href":"https:\/\/blog.polityka.pl\/adamczewski\/wp-json\/wp\/v2\/tags?post=10326"}],"curies":[{"name":"wp","href":"https:\/\/api.w.org\/{rel}","templated":true}]}}