
{"id":10328,"date":"2009-08-23T17:17:07","date_gmt":"2009-08-23T16:17:07","guid":{"rendered":"http:\/\/adamczewscy.pl\/?p=2568"},"modified":"2009-08-23T17:17:07","modified_gmt":"2009-08-23T16:17:07","slug":"legumina-sliwkowa-wedlug-%e2%80%9epraktycznego-kucharza-warszawskiego%e2%80%9d","status":"publish","type":"post","link":"https:\/\/blog.polityka.pl\/adamczewski\/2009\/08\/23\/legumina-sliwkowa-wedlug-%e2%80%9epraktycznego-kucharza-warszawskiego%e2%80%9d\/","title":{"rendered":"Legumina \u015bliwkowa wed\u0142ug ?Praktycznego Kucharza Warszawskiego?"},"content":{"rendered":"<p><em>1 kg \u015bliwek w\u0119gierek, cukru do smaku (mniej wi\u0119cej 3 &#8211; 4 \u0142y\u017cki), kieliszek koniaku, 2 szklanki tartej bu\u0142ki, 4 \u0142y\u017cki mas\u0142a.\u00a0<\/em><\/p>\n<p>1. W\u0119gierki poprzekrawa\u0107, wyj\u0105c pestki i gotowa\u0107 jak powid\u0142a aby odparowa\u0142o jak najwi\u0119cej p\u0142ynu, pod koniec doda\u0107 cukier, po trochu, pr\u00f3buj\u0105c i jeszcze chwil\u0119 odparowywa\u0107.<br \/>\n2. Dno \u017caroodpornego naczynia do zapiekania wysypa\u0107 na palec grubo tart\u0105 bu\u0142k\u0105, skropi\u0107 j\u0105 rozpuszczonym mas\u0142em, po czym wy\u0142o\u017cy\u0107 rozgotowane \u015bliwki i zn\u00f3w nakry\u0107 tart\u0105 bu\u0142k\u0105 po wierzchu skrapiaj\u0105c stopionym mas\u0142em.<br \/>\n3. Wstawi\u0107 do nagrzanego do 180 st C piekarnika i zapieka\u0107, a\u017c wierzch wyra\u017anie zacznie si\u0119 rumieni\u0107. Podawa\u0107 najlepiej na gor\u0105co.<\/p>\n","protected":false},"excerpt":{"rendered":"<p>1 kg \u015bliwek w\u0119gierek, cukru do smaku (mniej wi\u0119cej 3 &#8211; 4 \u0142y\u017cki), kieliszek koniaku, 2 szklanki tartej bu\u0142ki, 4 \u0142y\u017cki mas\u0142a.\u00a0 1. W\u0119gierki poprzekrawa\u0107, wyj\u0105c pestki i gotowa\u0107 jak powid\u0142a aby odparowa\u0142o jak najwi\u0119cej p\u0142ynu, pod koniec doda\u0107 cukier, po trochu, pr\u00f3buj\u0105c i jeszcze chwil\u0119 odparowywa\u0107. 2. Dno \u017caroodpornego naczynia do zapiekania wysypa\u0107 na [&hellip;]<\/p>\n","protected":false},"author":2,"featured_media":0,"comment_status":"open","ping_status":"open","sticky":false,"template":"","format":"standard","meta":{"footnotes":""},"categories":[1],"tags":[],"_links":{"self":[{"href":"https:\/\/blog.polityka.pl\/adamczewski\/wp-json\/wp\/v2\/posts\/10328"}],"collection":[{"href":"https:\/\/blog.polityka.pl\/adamczewski\/wp-json\/wp\/v2\/posts"}],"about":[{"href":"https:\/\/blog.polityka.pl\/adamczewski\/wp-json\/wp\/v2\/types\/post"}],"author":[{"embeddable":true,"href":"https:\/\/blog.polityka.pl\/adamczewski\/wp-json\/wp\/v2\/users\/2"}],"replies":[{"embeddable":true,"href":"https:\/\/blog.polityka.pl\/adamczewski\/wp-json\/wp\/v2\/comments?post=10328"}],"version-history":[{"count":0,"href":"https:\/\/blog.polityka.pl\/adamczewski\/wp-json\/wp\/v2\/posts\/10328\/revisions"}],"wp:attachment":[{"href":"https:\/\/blog.polityka.pl\/adamczewski\/wp-json\/wp\/v2\/media?parent=10328"}],"wp:term":[{"taxonomy":"category","embeddable":true,"href":"https:\/\/blog.polityka.pl\/adamczewski\/wp-json\/wp\/v2\/categories?post=10328"},{"taxonomy":"post_tag","embeddable":true,"href":"https:\/\/blog.polityka.pl\/adamczewski\/wp-json\/wp\/v2\/tags?post=10328"}],"curies":[{"name":"wp","href":"https:\/\/api.w.org\/{rel}","templated":true}]}}