
{"id":10330,"date":"2009-08-23T17:18:37","date_gmt":"2009-08-23T16:18:37","guid":{"rendered":"http:\/\/adamczewscy.pl\/?p=2570"},"modified":"2009-08-23T17:18:37","modified_gmt":"2009-08-23T16:18:37","slug":"chlodnik-z-porow","status":"publish","type":"post","link":"https:\/\/blog.polityka.pl\/adamczewski\/2009\/08\/23\/chlodnik-z-porow\/","title":{"rendered":"Ch\u0142odnik z por\u00f3w"},"content":{"rendered":"<p><em>3 du\u017ce pory,  dymka, \u0142y\u017cka mas\u0142a, 4 \u015brednie ziemniaki, 3 szklanki roso\u0142u z kury (mo\u017ce by\u0107 z kostki), szklanka \u015bmietany 12-proc. lub kremowego jogurtu, s\u00f3l, pieprz, 2 \u0142y\u017cki posiekanego szczypiorku.\u00a0<\/em><\/p>\n<p>1. Bia\u0142e cz\u0119\u015bci por\u00f3w po dok\u0142adny umyciu posieka\u0107; posieka\u0107 tak\u017ce dymk\u0119 wraz ze szczypiorkiem.<br \/>\n2. Rozgrza\u0107 mas\u0142o i poddusi\u0107 na nim pory z cebul\u0105.<br \/>\n3. Ziemniaki obra\u0107 i pokroi\u0107 w plasterki, doda\u0107 do podduszonej cebuli z porami, zala\u0107 wszystko razem roso\u0142em i gotowa\u0107, a\u017c ziemniaki b\u0119d\u0105 zupe\u0142nie mi\u0119kkie. Ostudzi\u0107.<br \/>\n4. Zimn\u0105 zup\u0119 zmiksowa\u0107, doprawi\u0107 sol\u0105 i pieprzem oraz wymiesza\u0107 z jogurtem lub \u015bmietan\u0105.<br \/>\n5. Podawa\u0107 w fili\u017cankach posypan\u0105 po wierzchu szczypiorkiem.<\/p>\n","protected":false},"excerpt":{"rendered":"<p>3 du\u017ce pory, dymka, \u0142y\u017cka mas\u0142a, 4 \u015brednie ziemniaki, 3 szklanki roso\u0142u z kury (mo\u017ce by\u0107 z kostki), szklanka \u015bmietany 12-proc. lub kremowego jogurtu, s\u00f3l, pieprz, 2 \u0142y\u017cki posiekanego szczypiorku.\u00a0 1. Bia\u0142e cz\u0119\u015bci por\u00f3w po dok\u0142adny umyciu posieka\u0107; posieka\u0107 tak\u017ce dymk\u0119 wraz ze szczypiorkiem. 2. Rozgrza\u0107 mas\u0142o i poddusi\u0107 na nim pory z cebul\u0105. 3. [&hellip;]<\/p>\n","protected":false},"author":2,"featured_media":0,"comment_status":"open","ping_status":"open","sticky":false,"template":"","format":"standard","meta":{"footnotes":""},"categories":[1],"tags":[],"_links":{"self":[{"href":"https:\/\/blog.polityka.pl\/adamczewski\/wp-json\/wp\/v2\/posts\/10330"}],"collection":[{"href":"https:\/\/blog.polityka.pl\/adamczewski\/wp-json\/wp\/v2\/posts"}],"about":[{"href":"https:\/\/blog.polityka.pl\/adamczewski\/wp-json\/wp\/v2\/types\/post"}],"author":[{"embeddable":true,"href":"https:\/\/blog.polityka.pl\/adamczewski\/wp-json\/wp\/v2\/users\/2"}],"replies":[{"embeddable":true,"href":"https:\/\/blog.polityka.pl\/adamczewski\/wp-json\/wp\/v2\/comments?post=10330"}],"version-history":[{"count":0,"href":"https:\/\/blog.polityka.pl\/adamczewski\/wp-json\/wp\/v2\/posts\/10330\/revisions"}],"wp:attachment":[{"href":"https:\/\/blog.polityka.pl\/adamczewski\/wp-json\/wp\/v2\/media?parent=10330"}],"wp:term":[{"taxonomy":"category","embeddable":true,"href":"https:\/\/blog.polityka.pl\/adamczewski\/wp-json\/wp\/v2\/categories?post=10330"},{"taxonomy":"post_tag","embeddable":true,"href":"https:\/\/blog.polityka.pl\/adamczewski\/wp-json\/wp\/v2\/tags?post=10330"}],"curies":[{"name":"wp","href":"https:\/\/api.w.org\/{rel}","templated":true}]}}