
{"id":10332,"date":"2009-08-23T17:22:25","date_gmt":"2009-08-23T16:22:25","guid":{"rendered":"http:\/\/adamczewscy.pl\/?p=2572"},"modified":"2009-08-23T17:22:25","modified_gmt":"2009-08-23T16:22:25","slug":"chlodnik-rzodkiewkowy","status":"publish","type":"post","link":"https:\/\/blog.polityka.pl\/adamczewski\/2009\/08\/23\/chlodnik-rzodkiewkowy\/","title":{"rendered":"Ch\u0142odnik rzodkiewkowy"},"content":{"rendered":"<p><em>2 p\u0119czki j\u0119drnych rzodkiewek, du\u017ca cebula, \u0142y\u017cka mas\u0142a, 2 \u0142y\u017cki siekanej zielonej pietruszki, 2 szklanki jogurtu, szklanka roso\u0142u warzywnego, szczypta startej ga\u0142ki muszkato\u0142owej, s\u00f3l, pieprz, sok cytrynowy do smaku.\u00a0<\/em><\/p>\n<p>1. Rzodkiewki pokroi\u0107 w talarki, cebul\u0119 posieka\u0107.<br \/>\n2. Rozgrza\u0107 mas\u0142o, poddusi\u0107 na nim rzodkiewki z cebul\u0105, po czym wla\u0107 ros\u00f3\u0142 warzywny i gotowa\u0107 oko\u0142o 10 minut. Ostudzi\u0107.<br \/>\n3. Wymiesza\u0107 zup\u0119 z jogurtem, doprawi\u0107 sol\u0105 i pieprzem.<br \/>\n4. Podawa\u0107 ch\u0142odnik ozi\u0119biony, w fili\u017cankach posypany siekan\u0105 zielona pietruszk\u0105.<\/p>\n","protected":false},"excerpt":{"rendered":"<p>2 p\u0119czki j\u0119drnych rzodkiewek, du\u017ca cebula, \u0142y\u017cka mas\u0142a, 2 \u0142y\u017cki siekanej zielonej pietruszki, 2 szklanki jogurtu, szklanka roso\u0142u warzywnego, szczypta startej ga\u0142ki muszkato\u0142owej, s\u00f3l, pieprz, sok cytrynowy do smaku.\u00a0 1. Rzodkiewki pokroi\u0107 w talarki, cebul\u0119 posieka\u0107. 2. Rozgrza\u0107 mas\u0142o, poddusi\u0107 na nim rzodkiewki z cebul\u0105, po czym wla\u0107 ros\u00f3\u0142 warzywny i gotowa\u0107 oko\u0142o 10 minut. [&hellip;]<\/p>\n","protected":false},"author":2,"featured_media":0,"comment_status":"open","ping_status":"open","sticky":false,"template":"","format":"standard","meta":{"footnotes":""},"categories":[1],"tags":[],"_links":{"self":[{"href":"https:\/\/blog.polityka.pl\/adamczewski\/wp-json\/wp\/v2\/posts\/10332"}],"collection":[{"href":"https:\/\/blog.polityka.pl\/adamczewski\/wp-json\/wp\/v2\/posts"}],"about":[{"href":"https:\/\/blog.polityka.pl\/adamczewski\/wp-json\/wp\/v2\/types\/post"}],"author":[{"embeddable":true,"href":"https:\/\/blog.polityka.pl\/adamczewski\/wp-json\/wp\/v2\/users\/2"}],"replies":[{"embeddable":true,"href":"https:\/\/blog.polityka.pl\/adamczewski\/wp-json\/wp\/v2\/comments?post=10332"}],"version-history":[{"count":0,"href":"https:\/\/blog.polityka.pl\/adamczewski\/wp-json\/wp\/v2\/posts\/10332\/revisions"}],"wp:attachment":[{"href":"https:\/\/blog.polityka.pl\/adamczewski\/wp-json\/wp\/v2\/media?parent=10332"}],"wp:term":[{"taxonomy":"category","embeddable":true,"href":"https:\/\/blog.polityka.pl\/adamczewski\/wp-json\/wp\/v2\/categories?post=10332"},{"taxonomy":"post_tag","embeddable":true,"href":"https:\/\/blog.polityka.pl\/adamczewski\/wp-json\/wp\/v2\/tags?post=10332"}],"curies":[{"name":"wp","href":"https:\/\/api.w.org\/{rel}","templated":true}]}}