
{"id":10333,"date":"2009-08-23T17:23:04","date_gmt":"2009-08-23T16:23:04","guid":{"rendered":"http:\/\/adamczewscy.pl\/?p=2573"},"modified":"2009-08-23T17:23:04","modified_gmt":"2009-08-23T16:23:04","slug":"borowki-do-miesa","status":"publish","type":"post","link":"https:\/\/blog.polityka.pl\/adamczewski\/2009\/08\/23\/borowki-do-miesa\/","title":{"rendered":"Bor\u00f3wki do mi\u0119sa"},"content":{"rendered":"<p><em>1 kg bor\u00f3wek, 5 du\u017cych j\u0119drnych gruszek, 50 dag cukru, szklanka wody.\u00a0<\/em><\/p>\n<p>1. Bor\u00f3wki przebra\u0107, umy\u0107, os\u0105czy\u0107, przesypa\u0107 do miski i zala\u0107 wrz\u0105tkiem. Pozostawi\u0107 na godzin\u0119.<br \/>\n2. Gruszki obra\u0107, usun\u0105\u0107 gniazda nasienne i pokroi\u0107 w \u00f3semki.<br \/>\n3. Z wody i cukru ugotowa\u0107 syrop, do wrz\u0105cego doda\u0107 gruszki i gotowa\u0107, a\u017c stan\u0105 si\u0119 szkliste.<br \/>\n4. Odcedzi\u0107 bor\u00f3wki, doda\u0107 do gotuj\u0105cych si\u0119 w syropie gruszek i gotowa\u0107 na ma\u0142ym ogniu oko\u0142o 20 minut.<br \/>\n5. S\u0142oiki wygotowa\u0107, wysuszy\u0107 i wyp\u0142uka\u0107 wraz z pokrywkami spirytusem. Nak\u0142ada\u0107 do nich gor\u0105ce bor\u00f3wki i zakr\u0119ca\u0107 przykrywkami.<\/p>\n","protected":false},"excerpt":{"rendered":"<p>1 kg bor\u00f3wek, 5 du\u017cych j\u0119drnych gruszek, 50 dag cukru, szklanka wody.\u00a0 1. Bor\u00f3wki przebra\u0107, umy\u0107, os\u0105czy\u0107, przesypa\u0107 do miski i zala\u0107 wrz\u0105tkiem. Pozostawi\u0107 na godzin\u0119. 2. Gruszki obra\u0107, usun\u0105\u0107 gniazda nasienne i pokroi\u0107 w \u00f3semki. 3. Z wody i cukru ugotowa\u0107 syrop, do wrz\u0105cego doda\u0107 gruszki i gotowa\u0107, a\u017c stan\u0105 si\u0119 szkliste. 4. Odcedzi\u0107 [&hellip;]<\/p>\n","protected":false},"author":2,"featured_media":0,"comment_status":"open","ping_status":"open","sticky":false,"template":"","format":"standard","meta":{"footnotes":""},"categories":[1],"tags":[],"_links":{"self":[{"href":"https:\/\/blog.polityka.pl\/adamczewski\/wp-json\/wp\/v2\/posts\/10333"}],"collection":[{"href":"https:\/\/blog.polityka.pl\/adamczewski\/wp-json\/wp\/v2\/posts"}],"about":[{"href":"https:\/\/blog.polityka.pl\/adamczewski\/wp-json\/wp\/v2\/types\/post"}],"author":[{"embeddable":true,"href":"https:\/\/blog.polityka.pl\/adamczewski\/wp-json\/wp\/v2\/users\/2"}],"replies":[{"embeddable":true,"href":"https:\/\/blog.polityka.pl\/adamczewski\/wp-json\/wp\/v2\/comments?post=10333"}],"version-history":[{"count":0,"href":"https:\/\/blog.polityka.pl\/adamczewski\/wp-json\/wp\/v2\/posts\/10333\/revisions"}],"wp:attachment":[{"href":"https:\/\/blog.polityka.pl\/adamczewski\/wp-json\/wp\/v2\/media?parent=10333"}],"wp:term":[{"taxonomy":"category","embeddable":true,"href":"https:\/\/blog.polityka.pl\/adamczewski\/wp-json\/wp\/v2\/categories?post=10333"},{"taxonomy":"post_tag","embeddable":true,"href":"https:\/\/blog.polityka.pl\/adamczewski\/wp-json\/wp\/v2\/tags?post=10333"}],"curies":[{"name":"wp","href":"https:\/\/api.w.org\/{rel}","templated":true}]}}