
{"id":10335,"date":"2009-08-30T06:43:10","date_gmt":"2009-08-30T05:43:10","guid":{"rendered":"http:\/\/adamczewscy.pl\/?p=2576"},"modified":"2009-08-30T06:43:10","modified_gmt":"2009-08-30T05:43:10","slug":"zielona-zupa","status":"publish","type":"post","link":"https:\/\/blog.polityka.pl\/adamczewski\/2009\/08\/30\/zielona-zupa\/","title":{"rendered":"Zielona zupa"},"content":{"rendered":"<p><em>P\u00f3\u0142 ma\u0142ej r\u00f3\u017cyczki broku\u0142u, gar\u015b\u0107 zielonej fasolki szparagowej, p\u00f3\u0142 szklanki zielonego groszku, szklanka brukselki, 3 \u0142y\u017cki \u015bmietany kremowej (30-proc. ), kieliszek wytrawnego bia\u0142ego wina, 3 \u0142y\u017cki pokrojonego w kostk\u0119 sera gorgonzola, s\u00f3l, \u015bwie\u017co zmielony bia\u0142y pieprz, 2 szklanki roso\u0142u (mo\u017ce by\u0107 z kostki), \u0142y\u017cka posiekanej zielonej pietruszki lub listk\u00f3w kolendry.\u00a0<\/em><\/p>\n<p>1. Wszystkie warzywa po kolei wrzuca\u0107 na wrz\u0105c\u0105 wod\u0119 i blanszowa\u0107 3 minuty, po czym ods\u0105cza\u0107 je i przek\u0142ada\u0107 kolejno do garnka z roso\u0142em.<br \/>\n2. Gotowa\u0107 do momentu, kiedy wszystkie warzywa zmi\u0119kn\u0105, po czym odstawi\u0107 zup\u0119, lekko j\u0105 ostudzi\u0107 i zmiksowa\u0107.<br \/>\n3. Do zmiksowanej zupy doda\u0107 wino oraz \u015bmietan\u0119, wymiesza\u0107 i zagrza\u0107 nie gotuj\u0105c.<br \/>\nPodawa\u0107 zup\u0119 w fili\u017cankach, posypan\u0105 pokrojonym serem i siekan\u0105 zielenin\u0105.<\/p>\n","protected":false},"excerpt":{"rendered":"<p>P\u00f3\u0142 ma\u0142ej r\u00f3\u017cyczki broku\u0142u, gar\u015b\u0107 zielonej fasolki szparagowej, p\u00f3\u0142 szklanki zielonego groszku, szklanka brukselki, 3 \u0142y\u017cki \u015bmietany kremowej (30-proc. ), kieliszek wytrawnego bia\u0142ego wina, 3 \u0142y\u017cki pokrojonego w kostk\u0119 sera gorgonzola, s\u00f3l, \u015bwie\u017co zmielony bia\u0142y pieprz, 2 szklanki roso\u0142u (mo\u017ce by\u0107 z kostki), \u0142y\u017cka posiekanej zielonej pietruszki lub listk\u00f3w kolendry.\u00a0 1. Wszystkie warzywa po kolei [&hellip;]<\/p>\n","protected":false},"author":2,"featured_media":0,"comment_status":"open","ping_status":"open","sticky":false,"template":"","format":"standard","meta":{"footnotes":""},"categories":[1],"tags":[],"_links":{"self":[{"href":"https:\/\/blog.polityka.pl\/adamczewski\/wp-json\/wp\/v2\/posts\/10335"}],"collection":[{"href":"https:\/\/blog.polityka.pl\/adamczewski\/wp-json\/wp\/v2\/posts"}],"about":[{"href":"https:\/\/blog.polityka.pl\/adamczewski\/wp-json\/wp\/v2\/types\/post"}],"author":[{"embeddable":true,"href":"https:\/\/blog.polityka.pl\/adamczewski\/wp-json\/wp\/v2\/users\/2"}],"replies":[{"embeddable":true,"href":"https:\/\/blog.polityka.pl\/adamczewski\/wp-json\/wp\/v2\/comments?post=10335"}],"version-history":[{"count":0,"href":"https:\/\/blog.polityka.pl\/adamczewski\/wp-json\/wp\/v2\/posts\/10335\/revisions"}],"wp:attachment":[{"href":"https:\/\/blog.polityka.pl\/adamczewski\/wp-json\/wp\/v2\/media?parent=10335"}],"wp:term":[{"taxonomy":"category","embeddable":true,"href":"https:\/\/blog.polityka.pl\/adamczewski\/wp-json\/wp\/v2\/categories?post=10335"},{"taxonomy":"post_tag","embeddable":true,"href":"https:\/\/blog.polityka.pl\/adamczewski\/wp-json\/wp\/v2\/tags?post=10335"}],"curies":[{"name":"wp","href":"https:\/\/api.w.org\/{rel}","templated":true}]}}