
{"id":10336,"date":"2009-08-30T06:43:45","date_gmt":"2009-08-30T05:43:45","guid":{"rendered":"http:\/\/adamczewscy.pl\/?p=2577"},"modified":"2009-08-30T06:43:45","modified_gmt":"2009-08-30T05:43:45","slug":"surowka-z-marchwi-w-smietanie","status":"publish","type":"post","link":"https:\/\/blog.polityka.pl\/adamczewski\/2009\/08\/30\/surowka-z-marchwi-w-smietanie\/","title":{"rendered":"Sur\u00f3wka z marchwi w \u015bmietanie"},"content":{"rendered":"<p><em>4 marchwie, korze\u0144 chrzanu, 2 s\u0142odkie twarde jab\u0142ka, p\u00f3\u0142 szklanki \u015bmietany 18-proc., s\u00f3l, cukier, \u0142y\u017cka posiekanych orzech\u00f3w w\u0142oskich.\u00a0<\/em><\/p>\n<p>1, Marchew i chrzan obra\u0107, umy\u0107, zetrze\u0107 na drobnej jarzynowej tarce.<br \/>\n2. Jab\u0142ka obra\u0107, zetrze\u0107 na tarce jarzynowej o du\u017cych oczkach.<br \/>\n3. Wymiesza\u0107 jab\u0142ka z marchwi\u0105 i chrzanem, doda\u0107 s\u00f3l, cukier. U\u0142o\u017cy\u0107 na niedu\u017cym p\u00f3\u0142misku i sch\u0142odzi\u0107 w lod\u00f3wce, podaj\u0105c pola\u0107 \u015bmietan\u0105 lekko doprawion\u0105 cukrem, posypa\u0107 po wierzchu orzechami.<\/p>\n","protected":false},"excerpt":{"rendered":"<p>4 marchwie, korze\u0144 chrzanu, 2 s\u0142odkie twarde jab\u0142ka, p\u00f3\u0142 szklanki \u015bmietany 18-proc., s\u00f3l, cukier, \u0142y\u017cka posiekanych orzech\u00f3w w\u0142oskich.\u00a0 1, Marchew i chrzan obra\u0107, umy\u0107, zetrze\u0107 na drobnej jarzynowej tarce. 2. Jab\u0142ka obra\u0107, zetrze\u0107 na tarce jarzynowej o du\u017cych oczkach. 3. Wymiesza\u0107 jab\u0142ka z marchwi\u0105 i chrzanem, doda\u0107 s\u00f3l, cukier. U\u0142o\u017cy\u0107 na niedu\u017cym p\u00f3\u0142misku i sch\u0142odzi\u0107 [&hellip;]<\/p>\n","protected":false},"author":2,"featured_media":0,"comment_status":"open","ping_status":"open","sticky":false,"template":"","format":"standard","meta":{"footnotes":""},"categories":[1],"tags":[],"_links":{"self":[{"href":"https:\/\/blog.polityka.pl\/adamczewski\/wp-json\/wp\/v2\/posts\/10336"}],"collection":[{"href":"https:\/\/blog.polityka.pl\/adamczewski\/wp-json\/wp\/v2\/posts"}],"about":[{"href":"https:\/\/blog.polityka.pl\/adamczewski\/wp-json\/wp\/v2\/types\/post"}],"author":[{"embeddable":true,"href":"https:\/\/blog.polityka.pl\/adamczewski\/wp-json\/wp\/v2\/users\/2"}],"replies":[{"embeddable":true,"href":"https:\/\/blog.polityka.pl\/adamczewski\/wp-json\/wp\/v2\/comments?post=10336"}],"version-history":[{"count":0,"href":"https:\/\/blog.polityka.pl\/adamczewski\/wp-json\/wp\/v2\/posts\/10336\/revisions"}],"wp:attachment":[{"href":"https:\/\/blog.polityka.pl\/adamczewski\/wp-json\/wp\/v2\/media?parent=10336"}],"wp:term":[{"taxonomy":"category","embeddable":true,"href":"https:\/\/blog.polityka.pl\/adamczewski\/wp-json\/wp\/v2\/categories?post=10336"},{"taxonomy":"post_tag","embeddable":true,"href":"https:\/\/blog.polityka.pl\/adamczewski\/wp-json\/wp\/v2\/tags?post=10336"}],"curies":[{"name":"wp","href":"https:\/\/api.w.org\/{rel}","templated":true}]}}