
{"id":10337,"date":"2009-08-30T06:44:57","date_gmt":"2009-08-30T05:44:57","guid":{"rendered":"http:\/\/adamczewscy.pl\/?p=2578"},"modified":"2009-08-30T06:44:57","modified_gmt":"2009-08-30T05:44:57","slug":"%e2%80%9epuszysta%e2%80%9d-zupa-cytrynowa","status":"publish","type":"post","link":"https:\/\/blog.polityka.pl\/adamczewski\/2009\/08\/30\/%e2%80%9epuszysta%e2%80%9d-zupa-cytrynowa\/","title":{"rendered":"?Puszysta? zupa cytrynowa"},"content":{"rendered":"<p><em>6 szklanek roso\u0142u drobiowego (mo\u017ce by\u0107 z kostki), 3 \u0142y\u017cki ry\u017cu, 4 jaja, sok z niedu\u017cej cytryny, s\u00f3l, bia\u0142y pieprz.\u00a0<\/em><\/p>\n<p>1. Ros\u00f3\u0142 zagotowa\u0107, doda\u0107 op\u0142ukany na sitku ry\u017c i gotowa\u0107 pod przykrywk\u0105, powoli, 20 minut.<br \/>\n2. Ca\u0142e jaja wbi\u0107 do wysokiego naczynia, ubi\u0107 na puszyst\u0105 mas\u0119 dolewaj\u0105c po \u0142y\u017ceczce sok cytrynowy.<br \/>\n3. Do naczynia z ubit\u0105 mas\u0105 jajeczn\u0105 wla\u0107 oko\u0142o szklanki wrz\u0105cego roso\u0142u, po\u0142\u0105czy\u0107 oba sk\u0142adniki energicznie mieszaj\u0105c, po czym przela\u0107 z powrotem do zestawionego z ognia garnka i jeszcze raz wymiesza\u0107, nie gotowa\u0107!<br \/>\n4. Doprawi\u0107 zup\u0119 sol\u0105 i \u015bwie\u017co zmielonym bia\u0142ym pieprzem.<\/p>\n","protected":false},"excerpt":{"rendered":"<p>6 szklanek roso\u0142u drobiowego (mo\u017ce by\u0107 z kostki), 3 \u0142y\u017cki ry\u017cu, 4 jaja, sok z niedu\u017cej cytryny, s\u00f3l, bia\u0142y pieprz.\u00a0 1. Ros\u00f3\u0142 zagotowa\u0107, doda\u0107 op\u0142ukany na sitku ry\u017c i gotowa\u0107 pod przykrywk\u0105, powoli, 20 minut. 2. Ca\u0142e jaja wbi\u0107 do wysokiego naczynia, ubi\u0107 na puszyst\u0105 mas\u0119 dolewaj\u0105c po \u0142y\u017ceczce sok cytrynowy. 3. Do naczynia z [&hellip;]<\/p>\n","protected":false},"author":2,"featured_media":0,"comment_status":"open","ping_status":"open","sticky":false,"template":"","format":"standard","meta":{"footnotes":""},"categories":[1],"tags":[],"_links":{"self":[{"href":"https:\/\/blog.polityka.pl\/adamczewski\/wp-json\/wp\/v2\/posts\/10337"}],"collection":[{"href":"https:\/\/blog.polityka.pl\/adamczewski\/wp-json\/wp\/v2\/posts"}],"about":[{"href":"https:\/\/blog.polityka.pl\/adamczewski\/wp-json\/wp\/v2\/types\/post"}],"author":[{"embeddable":true,"href":"https:\/\/blog.polityka.pl\/adamczewski\/wp-json\/wp\/v2\/users\/2"}],"replies":[{"embeddable":true,"href":"https:\/\/blog.polityka.pl\/adamczewski\/wp-json\/wp\/v2\/comments?post=10337"}],"version-history":[{"count":0,"href":"https:\/\/blog.polityka.pl\/adamczewski\/wp-json\/wp\/v2\/posts\/10337\/revisions"}],"wp:attachment":[{"href":"https:\/\/blog.polityka.pl\/adamczewski\/wp-json\/wp\/v2\/media?parent=10337"}],"wp:term":[{"taxonomy":"category","embeddable":true,"href":"https:\/\/blog.polityka.pl\/adamczewski\/wp-json\/wp\/v2\/categories?post=10337"},{"taxonomy":"post_tag","embeddable":true,"href":"https:\/\/blog.polityka.pl\/adamczewski\/wp-json\/wp\/v2\/tags?post=10337"}],"curies":[{"name":"wp","href":"https:\/\/api.w.org\/{rel}","templated":true}]}}