
{"id":10340,"date":"2009-08-30T06:49:26","date_gmt":"2009-08-30T05:49:26","guid":{"rendered":"http:\/\/adamczewscy.pl\/?p=2581"},"modified":"2009-08-30T06:49:26","modified_gmt":"2009-08-30T05:49:26","slug":"cukinia-smazona-jak-kotlety","status":"publish","type":"post","link":"https:\/\/blog.polityka.pl\/adamczewski\/2009\/08\/30\/cukinia-smazona-jak-kotlety\/","title":{"rendered":"Cukinia sma\u017cona jak kotlety"},"content":{"rendered":"<p><em>2 \u015brednie cukinie, 2 jajka, p\u00f3\u0142 szklanki tartej bu\u0142ki, p\u00f3\u0142 szklanki oleju, s\u00f3l, odrobina pieprzu.\u00a0<\/em><\/p>\n<p>1. Cukini\u0119 umy\u0107, pokroi\u0107 w centymetrowej grubo\u015bci plasterki.<br \/>\n2. Na patelni rozgrza\u0107 olej.<br \/>\n3. W miseczce rozbi\u0107 jajka z \u0142y\u017ck\u0105 wody i odrobin\u0105 soli oraz pieprzu.<br \/>\n4. Plasterki cukinii macza\u0107 najpierw w rozbitym jajku, potem dok\u0142adnie obtacza\u0107 w tartej bu\u0142ce i sma\u017cy\u0107 z obu stron na rumiano na rozgrzanym na patelni oleju.<\/p>\n<p>Doskona\u0142ym dodatkiem do tak przyrz\u0105dzonej cukinii s\u0105 panierowane sma\u017cone ziemniaki: ugotowane ziemniaki pokroi\u0107 w plastry, macza\u0107 w jajku i obtacza\u0107 w bu\u0142ce &#8211; tak jak cukini\u0119 &#8211; i sma\u017cy\u0107 na z\u0142ocisto na oleju. Sma\u017cone ziemniaki mo\u017cna po wierzchu lekko opr\u00f3szy\u0107 sol\u0105 i pieprzem.<\/p>\n","protected":false},"excerpt":{"rendered":"<p>2 \u015brednie cukinie, 2 jajka, p\u00f3\u0142 szklanki tartej bu\u0142ki, p\u00f3\u0142 szklanki oleju, s\u00f3l, odrobina pieprzu.\u00a0 1. Cukini\u0119 umy\u0107, pokroi\u0107 w centymetrowej grubo\u015bci plasterki. 2. Na patelni rozgrza\u0107 olej. 3. W miseczce rozbi\u0107 jajka z \u0142y\u017ck\u0105 wody i odrobin\u0105 soli oraz pieprzu. 4. Plasterki cukinii macza\u0107 najpierw w rozbitym jajku, potem dok\u0142adnie obtacza\u0107 w tartej bu\u0142ce [&hellip;]<\/p>\n","protected":false},"author":2,"featured_media":0,"comment_status":"open","ping_status":"open","sticky":false,"template":"","format":"standard","meta":{"footnotes":""},"categories":[1],"tags":[],"_links":{"self":[{"href":"https:\/\/blog.polityka.pl\/adamczewski\/wp-json\/wp\/v2\/posts\/10340"}],"collection":[{"href":"https:\/\/blog.polityka.pl\/adamczewski\/wp-json\/wp\/v2\/posts"}],"about":[{"href":"https:\/\/blog.polityka.pl\/adamczewski\/wp-json\/wp\/v2\/types\/post"}],"author":[{"embeddable":true,"href":"https:\/\/blog.polityka.pl\/adamczewski\/wp-json\/wp\/v2\/users\/2"}],"replies":[{"embeddable":true,"href":"https:\/\/blog.polityka.pl\/adamczewski\/wp-json\/wp\/v2\/comments?post=10340"}],"version-history":[{"count":0,"href":"https:\/\/blog.polityka.pl\/adamczewski\/wp-json\/wp\/v2\/posts\/10340\/revisions"}],"wp:attachment":[{"href":"https:\/\/blog.polityka.pl\/adamczewski\/wp-json\/wp\/v2\/media?parent=10340"}],"wp:term":[{"taxonomy":"category","embeddable":true,"href":"https:\/\/blog.polityka.pl\/adamczewski\/wp-json\/wp\/v2\/categories?post=10340"},{"taxonomy":"post_tag","embeddable":true,"href":"https:\/\/blog.polityka.pl\/adamczewski\/wp-json\/wp\/v2\/tags?post=10340"}],"curies":[{"name":"wp","href":"https:\/\/api.w.org\/{rel}","templated":true}]}}