
{"id":10341,"date":"2009-08-30T06:50:15","date_gmt":"2009-08-30T05:50:15","guid":{"rendered":"http:\/\/adamczewscy.pl\/?p=2582"},"modified":"2009-08-30T06:50:15","modified_gmt":"2009-08-30T05:50:15","slug":"gruszki-w-occie-2","status":"publish","type":"post","link":"https:\/\/blog.polityka.pl\/adamczewski\/2009\/08\/30\/gruszki-w-occie-2\/","title":{"rendered":"Gruszki w occie"},"content":{"rendered":"<p><em>1 kg nieprzejrza\u0142ych gruszek, 2 szklanki wody, 0, 75 szklanki octu 10-proc., szklanka z czubem cukru, 5 go\u017adzik\u00f3w, spora szczypta cynamonu lub kawa\u0142ek laski, 2 \u0142y\u017ceczki soku z cytryny.\u00a0<\/em><\/p>\n<p>1. Wyparzy\u0107 i osuszy\u0107 s\u0142oiki wraz z przykrywkami.<br \/>\n2. Gruszki umy\u0107, obra\u0107, w\u0142o\u017cy\u0107 do zakwaszonej sokiem cytrynowym wody, aby nie czernia\u0142y.<br \/>\n3. Zagotowa\u0107 wod\u0119 z octem, cukrem, cynamonem i go\u017adzikami, w\u0142o\u017cy\u0107 do niej gruszki i gotowa\u0107 a\u017c stan\u0105 si\u0119 szkliste. Wyj\u0105\u0107 owoce przy pomocy \u0142y\u017cki cedzakowej i u\u0142o\u017cy\u0107 w przygotowanych s\u0142oikach.<br \/>\n4. Ostudzonym p\u0142ynem od gotowania zala\u0107 gruszki. Zakr\u0119ci\u0107 pokrywki.<br \/>\n5. Pasteryzowa\u0107 w temperaturze do 90 st C oko\u0142o 20 minut.<\/p>\n","protected":false},"excerpt":{"rendered":"<p>1 kg nieprzejrza\u0142ych gruszek, 2 szklanki wody, 0, 75 szklanki octu 10-proc., szklanka z czubem cukru, 5 go\u017adzik\u00f3w, spora szczypta cynamonu lub kawa\u0142ek laski, 2 \u0142y\u017ceczki soku z cytryny.\u00a0 1. Wyparzy\u0107 i osuszy\u0107 s\u0142oiki wraz z przykrywkami. 2. Gruszki umy\u0107, obra\u0107, w\u0142o\u017cy\u0107 do zakwaszonej sokiem cytrynowym wody, aby nie czernia\u0142y. 3. Zagotowa\u0107 wod\u0119 z octem, [&hellip;]<\/p>\n","protected":false},"author":2,"featured_media":0,"comment_status":"open","ping_status":"open","sticky":false,"template":"","format":"standard","meta":{"footnotes":""},"categories":[1],"tags":[],"_links":{"self":[{"href":"https:\/\/blog.polityka.pl\/adamczewski\/wp-json\/wp\/v2\/posts\/10341"}],"collection":[{"href":"https:\/\/blog.polityka.pl\/adamczewski\/wp-json\/wp\/v2\/posts"}],"about":[{"href":"https:\/\/blog.polityka.pl\/adamczewski\/wp-json\/wp\/v2\/types\/post"}],"author":[{"embeddable":true,"href":"https:\/\/blog.polityka.pl\/adamczewski\/wp-json\/wp\/v2\/users\/2"}],"replies":[{"embeddable":true,"href":"https:\/\/blog.polityka.pl\/adamczewski\/wp-json\/wp\/v2\/comments?post=10341"}],"version-history":[{"count":0,"href":"https:\/\/blog.polityka.pl\/adamczewski\/wp-json\/wp\/v2\/posts\/10341\/revisions"}],"wp:attachment":[{"href":"https:\/\/blog.polityka.pl\/adamczewski\/wp-json\/wp\/v2\/media?parent=10341"}],"wp:term":[{"taxonomy":"category","embeddable":true,"href":"https:\/\/blog.polityka.pl\/adamczewski\/wp-json\/wp\/v2\/categories?post=10341"},{"taxonomy":"post_tag","embeddable":true,"href":"https:\/\/blog.polityka.pl\/adamczewski\/wp-json\/wp\/v2\/tags?post=10341"}],"curies":[{"name":"wp","href":"https:\/\/api.w.org\/{rel}","templated":true}]}}