
{"id":10343,"date":"2009-08-30T06:51:47","date_gmt":"2009-08-30T05:51:47","guid":{"rendered":"http:\/\/adamczewscy.pl\/?p=2584"},"modified":"2009-08-30T06:51:47","modified_gmt":"2009-08-30T05:51:47","slug":"parowki-w-sosie","status":"publish","type":"post","link":"https:\/\/blog.polityka.pl\/adamczewski\/2009\/08\/30\/parowki-w-sosie\/","title":{"rendered":"Par\u00f3wki w sosie"},"content":{"rendered":"<p><em>8 par\u00f3wek, niedu\u017ca cebula, puszka krojonych pomidor\u00f3w w przecierze, 4 &#8211; 6 pieczarek, 2 \u0142y\u017cki oleju, \u0142y\u017ceczka mas\u0142a, \u0142y\u017cka m\u0105ki, s\u00f3l, pieprz, szczypta zi\u00f3\u0142 prowansalskich, ew. szczypta cukru.\u00a0<\/em><\/p>\n<p>1. Cebul\u0119 drobno posieka\u0107, podsma\u017cy\u0107 na rozgrzanym oleju, doda\u0107 pokrojone w kr\u0105\u017cki par\u00f3wki (nale\u017cy najpierw usun\u0105\u0107 plastikowe os\u0142onki). Chwil\u0119 razem podsma\u017ca\u0107.<br \/>\n2. Do par\u00f3wek z cebul\u0105 doda\u0107 puszk\u0119 pomidor\u00f3w i chwil\u0119 dusi\u0107 razem doprawiaj\u0105c pieprzem i sol\u0105 oraz zio\u0142ami prowansalskimi.<br \/>\n3. Pieczarki pokrojone na cienkie plasterki podsma\u017cy\u0107 na ma\u015ble i doda\u0107 do potrawy. Jeszcze chwil\u0119 dusi\u0107 wszystko razem.<br \/>\nMo\u017cna ja poda\u0107 z ry\u017cem lub makaronem.<\/p>\n","protected":false},"excerpt":{"rendered":"<p>8 par\u00f3wek, niedu\u017ca cebula, puszka krojonych pomidor\u00f3w w przecierze, 4 &#8211; 6 pieczarek, 2 \u0142y\u017cki oleju, \u0142y\u017ceczka mas\u0142a, \u0142y\u017cka m\u0105ki, s\u00f3l, pieprz, szczypta zi\u00f3\u0142 prowansalskich, ew. szczypta cukru.\u00a0 1. Cebul\u0119 drobno posieka\u0107, podsma\u017cy\u0107 na rozgrzanym oleju, doda\u0107 pokrojone w kr\u0105\u017cki par\u00f3wki (nale\u017cy najpierw usun\u0105\u0107 plastikowe os\u0142onki). Chwil\u0119 razem podsma\u017ca\u0107. 2. Do par\u00f3wek z cebul\u0105 doda\u0107 [&hellip;]<\/p>\n","protected":false},"author":2,"featured_media":0,"comment_status":"open","ping_status":"open","sticky":false,"template":"","format":"standard","meta":{"footnotes":""},"categories":[1],"tags":[],"_links":{"self":[{"href":"https:\/\/blog.polityka.pl\/adamczewski\/wp-json\/wp\/v2\/posts\/10343"}],"collection":[{"href":"https:\/\/blog.polityka.pl\/adamczewski\/wp-json\/wp\/v2\/posts"}],"about":[{"href":"https:\/\/blog.polityka.pl\/adamczewski\/wp-json\/wp\/v2\/types\/post"}],"author":[{"embeddable":true,"href":"https:\/\/blog.polityka.pl\/adamczewski\/wp-json\/wp\/v2\/users\/2"}],"replies":[{"embeddable":true,"href":"https:\/\/blog.polityka.pl\/adamczewski\/wp-json\/wp\/v2\/comments?post=10343"}],"version-history":[{"count":0,"href":"https:\/\/blog.polityka.pl\/adamczewski\/wp-json\/wp\/v2\/posts\/10343\/revisions"}],"wp:attachment":[{"href":"https:\/\/blog.polityka.pl\/adamczewski\/wp-json\/wp\/v2\/media?parent=10343"}],"wp:term":[{"taxonomy":"category","embeddable":true,"href":"https:\/\/blog.polityka.pl\/adamczewski\/wp-json\/wp\/v2\/categories?post=10343"},{"taxonomy":"post_tag","embeddable":true,"href":"https:\/\/blog.polityka.pl\/adamczewski\/wp-json\/wp\/v2\/tags?post=10343"}],"curies":[{"name":"wp","href":"https:\/\/api.w.org\/{rel}","templated":true}]}}