
{"id":10344,"date":"2009-09-06T18:42:38","date_gmt":"2009-09-06T17:42:38","guid":{"rendered":"http:\/\/adamczewscy.pl\/?p=2586"},"modified":"2009-09-06T18:42:38","modified_gmt":"2009-09-06T17:42:38","slug":"zupa-z-boczniakow-a-la-flaczki","status":"publish","type":"post","link":"https:\/\/blog.polityka.pl\/adamczewski\/2009\/09\/06\/zupa-z-boczniakow-a-la-flaczki\/","title":{"rendered":"Zupa z boczniak\u00f3w a la flaczki"},"content":{"rendered":"<p class=\"MsoNormal\"><em>50 dag boczniak\u00f3w,  \u00a0cebula, marchew, pietruszka, kawa\u0142ek  selera, niedu\u017cy por, \u0142y\u017ceczka majeranku, 4 ziarna ziela angielskiego, p\u00f3\u0142  \u0142y\u017ceczki startej ga\u0142ki muszkato\u0142owej, szczypta mielonego imbiru, li\u015b\u0107 laurowy, s\u00f3l,  pieprz, \u0142y\u017cka mas\u0142a, \u0142y\u017cka m\u0105ki.<\/em><\/p>\n<p class=\"MsoNormal\">&nbsp;<\/p>\n<p class=\"MsoNormal\">1.  W\u0142oszczyzn\u0119 obra\u0107, zala\u0107 w garnku 4 szklankami wody i ugotowa\u0107 wywar. Wyj\u0105\u0107  warzywa i od\u0142o\u017cy\u0107.<\/p>\n<p class=\"MsoNormal\">2.  Boczniaki umy\u0107, odkroi\u0107 twarde n\u00f3\u017cki, kapelusze pokroi\u0107 w paski i doda\u0107 do  wywaru. Pokroi\u0107 tak\u017ce w paski marchew, pietruszk\u0119 i seler, doda\u0107 do zupy wraz z  li\u015bciem laurowym, zielem angielskim i pokrojon\u0105 w pi\u00f3rka cebul\u0105. Gotowa\u0107 zup\u0119  oko\u0142o 20 minut.<\/p>\n<p class=\"MsoNormal\">3.  Doprawi\u0107 zup\u0119 imbirem i start\u0105 ga\u0142k\u0105 muszkato\u0142ow\u0105 oraz sol\u0105 i pieprzem.<\/p>\n<p class=\"MsoNormal\">4.  Z mas\u0142a i maki przygotowa\u0107 zasma\u017ck\u0119 i kiedy spieni si\u0119 i zbieleje po\u0142\u0105czy\u0107 z  zup\u0105, zagotowa\u0107.<\/p>\n<p class=\"MsoNormal\">&nbsp;<\/p>\n","protected":false},"excerpt":{"rendered":"<p>50 dag boczniak\u00f3w, \u00a0cebula, marchew, pietruszka, kawa\u0142ek selera, niedu\u017cy por, \u0142y\u017ceczka majeranku, 4 ziarna ziela angielskiego, p\u00f3\u0142 \u0142y\u017ceczki startej ga\u0142ki muszkato\u0142owej, szczypta mielonego imbiru, li\u015b\u0107 laurowy, s\u00f3l, pieprz, \u0142y\u017cka mas\u0142a, \u0142y\u017cka m\u0105ki. &nbsp; 1. W\u0142oszczyzn\u0119 obra\u0107, zala\u0107 w garnku 4 szklankami wody i ugotowa\u0107 wywar. Wyj\u0105\u0107 warzywa i od\u0142o\u017cy\u0107. 2. Boczniaki umy\u0107, odkroi\u0107 twarde n\u00f3\u017cki, [&hellip;]<\/p>\n","protected":false},"author":2,"featured_media":0,"comment_status":"open","ping_status":"open","sticky":false,"template":"","format":"standard","meta":{"footnotes":""},"categories":[1],"tags":[],"_links":{"self":[{"href":"https:\/\/blog.polityka.pl\/adamczewski\/wp-json\/wp\/v2\/posts\/10344"}],"collection":[{"href":"https:\/\/blog.polityka.pl\/adamczewski\/wp-json\/wp\/v2\/posts"}],"about":[{"href":"https:\/\/blog.polityka.pl\/adamczewski\/wp-json\/wp\/v2\/types\/post"}],"author":[{"embeddable":true,"href":"https:\/\/blog.polityka.pl\/adamczewski\/wp-json\/wp\/v2\/users\/2"}],"replies":[{"embeddable":true,"href":"https:\/\/blog.polityka.pl\/adamczewski\/wp-json\/wp\/v2\/comments?post=10344"}],"version-history":[{"count":0,"href":"https:\/\/blog.polityka.pl\/adamczewski\/wp-json\/wp\/v2\/posts\/10344\/revisions"}],"wp:attachment":[{"href":"https:\/\/blog.polityka.pl\/adamczewski\/wp-json\/wp\/v2\/media?parent=10344"}],"wp:term":[{"taxonomy":"category","embeddable":true,"href":"https:\/\/blog.polityka.pl\/adamczewski\/wp-json\/wp\/v2\/categories?post=10344"},{"taxonomy":"post_tag","embeddable":true,"href":"https:\/\/blog.polityka.pl\/adamczewski\/wp-json\/wp\/v2\/tags?post=10344"}],"curies":[{"name":"wp","href":"https:\/\/api.w.org\/{rel}","templated":true}]}}