
{"id":10345,"date":"2009-09-06T18:59:55","date_gmt":"2009-09-06T17:59:55","guid":{"rendered":"http:\/\/adamczewscy.pl\/?p=2587"},"modified":"2009-09-06T18:59:55","modified_gmt":"2009-09-06T17:59:55","slug":"tort-orzechowo-brzoskwiniowy","status":"publish","type":"post","link":"https:\/\/blog.polityka.pl\/adamczewski\/2009\/09\/06\/tort-orzechowo-brzoskwiniowy\/","title":{"rendered":"Tort orzechowo-brzoskwiniowy"},"content":{"rendered":"<p><em>8 jaj, szklanka  cukru, szczypta soli, 20 dag drobno posiekanych lub zmielonych orzech\u00f3w  w\u0142oskich, 2 \u0142y\u017cki m\u0105ki, p\u0142aska \u0142y\u017cka proszku do pieczenia.\u00a0<\/em><em>  <\/em><\/p>\n<p class=\"MsoNormal\"><em>Na krem: budy\u0144  \u015bmietankowy, 5 \u0142y\u017cek cukru, 20 dag mas\u0142a, 3 \u0142y\u017cki m\u0105ki, 3 szklanki mleka, 4  \u017c\u00f3\u0142tka, ods\u0105czone brzoskwinie z puszki.<\/em><\/p>\n<p class=\"MsoNormal\">Do posypania: 2  \u0142y\u017cki ciemnego kakao lub 2 \u0142y\u017cki posiekanych orzech\u00f3w.<\/p>\n<p class=\"MsoNormal\">&nbsp;<\/p>\n<p class=\"MsoNormal\">1.  Oddzieli\u0107 bia\u0142ka od \u017c\u00f3\u0142tek. Ubi\u0107, najlepiej mikserem, sztywn\u0105 pian\u0119 z bia\u0142ek ze  szczypt\u0105 soli, pod koniec doda\u0107 \u017c\u00f3\u0142tka, cukier, orzechy, m\u0105k\u0119 oraz proszek i  jeszcze chwil\u0119 razem ubija\u0107.<\/p>\n<p class=\"MsoNormal\">2.  Prze\u0142o\u017cy\u0107 ciasto do wy\u0142o\u017conej papierem do wypiek\u00f3w tortownicy okr\u0105g\u0142ej lub  prostok\u0105tnej, piec ok. 40 minut w temperaturze 180 st C.<\/p>\n<p class=\"MsoNormal\">3.  Przygotowa\u0107 krem: Zagotowa\u0107 2 szklanki mleka z cukrem. Do pozosta\u0142ego zimnego  mleka doda\u0107 m\u0105k\u0119, \u017c\u00f3\u0142tka oraz budy\u0144, wymiesza\u0107, po\u0142\u0105czy\u0107 z gor\u0105cym mlekiem i  chwil\u0119 jeszcze podgrzewa\u0107, aby budy\u0144 si\u0119 zag\u0119\u015bci\u0142. \u00a0Ostudzi\u0107 budy\u0144.<\/p>\n<p class=\"MsoNormal\">4.  Mas\u0142o utrze\u0107 dodawanym po trochu zimnym budyniem.<\/p>\n<p class=\"MsoNormal\">5.  Pokroi\u0107 drobno brzoskwinie, doda\u0107 do kremu.<\/p>\n<p class=\"MsoNormal\">4.  Przekroi\u0107 biszkopt orzechowy na po\u0142\u00f3wki. Po\u0142ow\u0119 kremu u\u0142o\u017cy\u0107 na pierwszej  po\u0142owie, nakry\u0107 drug\u0105, na niej rozsmarowa\u0107 reszt\u0119 kremu i posypa\u0107 ci<\/p>\n<p><code><code><\/p>\n<p class=\"MsoNormal\"><span style=\"font-size: 12.0pt; line-height: 115%; font-family: 'Arial','sans-serif'\">emnym kakao  lub orzechami. <\/span><\/p>\n<p><\/code><\/code><\/p>\n","protected":false},"excerpt":{"rendered":"<p>8 jaj, szklanka cukru, szczypta soli, 20 dag drobno posiekanych lub zmielonych orzech\u00f3w w\u0142oskich, 2 \u0142y\u017cki m\u0105ki, p\u0142aska \u0142y\u017cka proszku do pieczenia.\u00a0 Na krem: budy\u0144 \u015bmietankowy, 5 \u0142y\u017cek cukru, 20 dag mas\u0142a, 3 \u0142y\u017cki m\u0105ki, 3 szklanki mleka, 4 \u017c\u00f3\u0142tka, ods\u0105czone brzoskwinie z puszki. Do posypania: 2 \u0142y\u017cki ciemnego kakao lub 2 \u0142y\u017cki posiekanych orzech\u00f3w. [&hellip;]<\/p>\n","protected":false},"author":2,"featured_media":0,"comment_status":"open","ping_status":"open","sticky":false,"template":"","format":"standard","meta":{"footnotes":""},"categories":[1],"tags":[],"_links":{"self":[{"href":"https:\/\/blog.polityka.pl\/adamczewski\/wp-json\/wp\/v2\/posts\/10345"}],"collection":[{"href":"https:\/\/blog.polityka.pl\/adamczewski\/wp-json\/wp\/v2\/posts"}],"about":[{"href":"https:\/\/blog.polityka.pl\/adamczewski\/wp-json\/wp\/v2\/types\/post"}],"author":[{"embeddable":true,"href":"https:\/\/blog.polityka.pl\/adamczewski\/wp-json\/wp\/v2\/users\/2"}],"replies":[{"embeddable":true,"href":"https:\/\/blog.polityka.pl\/adamczewski\/wp-json\/wp\/v2\/comments?post=10345"}],"version-history":[{"count":0,"href":"https:\/\/blog.polityka.pl\/adamczewski\/wp-json\/wp\/v2\/posts\/10345\/revisions"}],"wp:attachment":[{"href":"https:\/\/blog.polityka.pl\/adamczewski\/wp-json\/wp\/v2\/media?parent=10345"}],"wp:term":[{"taxonomy":"category","embeddable":true,"href":"https:\/\/blog.polityka.pl\/adamczewski\/wp-json\/wp\/v2\/categories?post=10345"},{"taxonomy":"post_tag","embeddable":true,"href":"https:\/\/blog.polityka.pl\/adamczewski\/wp-json\/wp\/v2\/tags?post=10345"}],"curies":[{"name":"wp","href":"https:\/\/api.w.org\/{rel}","templated":true}]}}