
{"id":10348,"date":"2009-09-06T19:08:45","date_gmt":"2009-09-06T18:08:45","guid":{"rendered":"http:\/\/adamczewscy.pl\/?p=2590"},"modified":"2009-09-06T19:08:45","modified_gmt":"2009-09-06T18:08:45","slug":"gulasz-z-kurczaka","status":"publish","type":"post","link":"https:\/\/blog.polityka.pl\/adamczewski\/2009\/09\/06\/gulasz-z-kurczaka\/","title":{"rendered":"Gulasz z kurczaka"},"content":{"rendered":"<p class=\"MsoNormal\"><em>Ok. 40 dag mi\u0119sa z  kurczaka, najlepiej z udek lub bioder, ma\u0142a cebula, 15 dag pieczarek, 2 \u0142y\u017cki  koncentratu pomidorowego lub 3 \u015brednie, obrane ze sk\u00f3rki pomidory, s\u00f3l, pieprz,  \u0142y\u017ceczka czerwonej s\u0142odkiej papryki, 5 \u0142y\u017cek oleju, 2 \u0142y\u017cki \u015bmietany, \u0142y\u017ceczka  m\u0105ki, \u00a0p\u00f3\u0142 paczki makaronu rurki.<\/em><\/p>\n<p class=\"MsoNormal\">&nbsp;<\/p>\n<p class=\"MsoNormal\">1.  Mi\u0119so z kurczaka pokroi\u0107 w kawa\u0142ki wielko\u015bci po\u0142owy pude\u0142ka zapa\u0142ek, lekko  opr\u00f3szy\u0107 sol\u0105 i pieprzem oraz m\u0105k\u0105.<\/p>\n<p class=\"MsoNormal\">2.  Olej rozgrza\u0107 w garnku, zeszkli\u0107 posiekan\u0105 drobno cebul\u0119, pokrojone na  plasterki pieczarki, doda\u0107 mi\u0119so. Chwil\u0119 sma\u017cy\u0107, aby mi\u0119so ze wszystkich stron  si\u0119 oz\u0142oci\u0142o.<\/p>\n<p class=\"MsoNormal\">3.  Pomidory obra\u0107 ze sk\u00f3rki i pokroi\u0107 na kawa\u0142ki i doda\u0107 do garnka; je\u015bli u\u017cywa  si\u0119 koncentratu wymiesza\u0107 go ze szklanka wody i po\u0142\u0105czy\u0107 z mi\u0119sem. Dusi\u0107 a\u017c  mi\u0119so stanie si\u0119 mi\u0119kkie, czyli co najmniej 15 minut.<\/p>\n<p class=\"MsoNormal\">4.  Makaron ugotowa\u0107 al dente, doda\u0107 do gulaszu i od razu podawa\u0107.<span style=\"font-size: 12.0pt; line-height: 115%; font-family: 'Arial','sans-serif'\"> <\/span><\/p>\n","protected":false},"excerpt":{"rendered":"<p>Ok. 40 dag mi\u0119sa z kurczaka, najlepiej z udek lub bioder, ma\u0142a cebula, 15 dag pieczarek, 2 \u0142y\u017cki koncentratu pomidorowego lub 3 \u015brednie, obrane ze sk\u00f3rki pomidory, s\u00f3l, pieprz, \u0142y\u017ceczka czerwonej s\u0142odkiej papryki, 5 \u0142y\u017cek oleju, 2 \u0142y\u017cki \u015bmietany, \u0142y\u017ceczka m\u0105ki, \u00a0p\u00f3\u0142 paczki makaronu rurki. &nbsp; 1. Mi\u0119so z kurczaka pokroi\u0107 w kawa\u0142ki wielko\u015bci po\u0142owy [&hellip;]<\/p>\n","protected":false},"author":2,"featured_media":0,"comment_status":"open","ping_status":"open","sticky":false,"template":"","format":"standard","meta":{"footnotes":""},"categories":[1],"tags":[],"_links":{"self":[{"href":"https:\/\/blog.polityka.pl\/adamczewski\/wp-json\/wp\/v2\/posts\/10348"}],"collection":[{"href":"https:\/\/blog.polityka.pl\/adamczewski\/wp-json\/wp\/v2\/posts"}],"about":[{"href":"https:\/\/blog.polityka.pl\/adamczewski\/wp-json\/wp\/v2\/types\/post"}],"author":[{"embeddable":true,"href":"https:\/\/blog.polityka.pl\/adamczewski\/wp-json\/wp\/v2\/users\/2"}],"replies":[{"embeddable":true,"href":"https:\/\/blog.polityka.pl\/adamczewski\/wp-json\/wp\/v2\/comments?post=10348"}],"version-history":[{"count":0,"href":"https:\/\/blog.polityka.pl\/adamczewski\/wp-json\/wp\/v2\/posts\/10348\/revisions"}],"wp:attachment":[{"href":"https:\/\/blog.polityka.pl\/adamczewski\/wp-json\/wp\/v2\/media?parent=10348"}],"wp:term":[{"taxonomy":"category","embeddable":true,"href":"https:\/\/blog.polityka.pl\/adamczewski\/wp-json\/wp\/v2\/categories?post=10348"},{"taxonomy":"post_tag","embeddable":true,"href":"https:\/\/blog.polityka.pl\/adamczewski\/wp-json\/wp\/v2\/tags?post=10348"}],"curies":[{"name":"wp","href":"https:\/\/api.w.org\/{rel}","templated":true}]}}