
{"id":10351,"date":"2009-09-13T18:52:14","date_gmt":"2009-09-13T17:52:14","guid":{"rendered":"http:\/\/adamczewscy.pl\/?p=2594"},"modified":"2009-09-13T18:52:14","modified_gmt":"2009-09-13T17:52:14","slug":"zupa-rybna-po-wegiersku","status":"publish","type":"post","link":"https:\/\/blog.polityka.pl\/adamczewski\/2009\/09\/13\/zupa-rybna-po-wegiersku\/","title":{"rendered":"Zupa rybna po w\u0119giersku"},"content":{"rendered":"<p><em>Karp wagi oko\u0142o 1,20 kg, 2 cebule, 4 str\u0105ki zielonej papryki, do smaku sproszkowana czerwona papryka i s\u00f3l. <\/em><\/p>\n<p>1. Karpia sprawi\u0107, odfiletowa\u0107, filety od\u0142o\u017cy\u0107.<br \/>\n2. Z kr\u0119gos\u0142upa, p\u0142etw i \u0142ba ryby oraz pokrojonych na \u0107wiartki cebul  gotowa\u0107 p\u00f3l godziny wywar dodaj\u0105c sproszkowana czerwona papryk\u0119.<br \/>\n3. Filety z karpia podzieli\u0107 na porcje. U\u0142o\u017cy\u0107 w rondlu. Doda\u0107 pokrojone w cieniutkie kr\u0105\u017cki papryki.<br \/>\n4. Wywar z cebuli i resztek ryby przecedzi\u0107, zala\u0107 gor\u0105cym filety z papryk\u0105 i gotowa\u0107. Przyprawi\u0107 papryk\u0105 i sol\u0105. Po 20 minutach zupa jest gotowa.<br \/>\nPodawa\u0107 z chlebem. <\/p>\n","protected":false},"excerpt":{"rendered":"<p>Karp wagi oko\u0142o 1,20 kg, 2 cebule, 4 str\u0105ki zielonej papryki, do smaku sproszkowana czerwona papryka i s\u00f3l. 1. Karpia sprawi\u0107, odfiletowa\u0107, filety od\u0142o\u017cy\u0107. 2. Z kr\u0119gos\u0142upa, p\u0142etw i \u0142ba ryby oraz pokrojonych na \u0107wiartki cebul gotowa\u0107 p\u00f3l godziny wywar dodaj\u0105c sproszkowana czerwona papryk\u0119. 3. Filety z karpia podzieli\u0107 na porcje. U\u0142o\u017cy\u0107 w rondlu. Doda\u0107 [&hellip;]<\/p>\n","protected":false},"author":2,"featured_media":0,"comment_status":"open","ping_status":"open","sticky":false,"template":"","format":"standard","meta":{"footnotes":""},"categories":[1],"tags":[],"_links":{"self":[{"href":"https:\/\/blog.polityka.pl\/adamczewski\/wp-json\/wp\/v2\/posts\/10351"}],"collection":[{"href":"https:\/\/blog.polityka.pl\/adamczewski\/wp-json\/wp\/v2\/posts"}],"about":[{"href":"https:\/\/blog.polityka.pl\/adamczewski\/wp-json\/wp\/v2\/types\/post"}],"author":[{"embeddable":true,"href":"https:\/\/blog.polityka.pl\/adamczewski\/wp-json\/wp\/v2\/users\/2"}],"replies":[{"embeddable":true,"href":"https:\/\/blog.polityka.pl\/adamczewski\/wp-json\/wp\/v2\/comments?post=10351"}],"version-history":[{"count":0,"href":"https:\/\/blog.polityka.pl\/adamczewski\/wp-json\/wp\/v2\/posts\/10351\/revisions"}],"wp:attachment":[{"href":"https:\/\/blog.polityka.pl\/adamczewski\/wp-json\/wp\/v2\/media?parent=10351"}],"wp:term":[{"taxonomy":"category","embeddable":true,"href":"https:\/\/blog.polityka.pl\/adamczewski\/wp-json\/wp\/v2\/categories?post=10351"},{"taxonomy":"post_tag","embeddable":true,"href":"https:\/\/blog.polityka.pl\/adamczewski\/wp-json\/wp\/v2\/tags?post=10351"}],"curies":[{"name":"wp","href":"https:\/\/api.w.org\/{rel}","templated":true}]}}