
{"id":10352,"date":"2009-09-13T18:52:57","date_gmt":"2009-09-13T17:52:57","guid":{"rendered":"http:\/\/adamczewscy.pl\/?p=2595"},"modified":"2009-09-13T18:52:57","modified_gmt":"2009-09-13T17:52:57","slug":"zapiekanka-z-porow-i-szynki","status":"publish","type":"post","link":"https:\/\/blog.polityka.pl\/adamczewski\/2009\/09\/13\/zapiekanka-z-porow-i-szynki\/","title":{"rendered":"Zapiekanka z por\u00f3w i szynki"},"content":{"rendered":"<p><em>5 du\u017cych por\u00f3w, 30-40 dag szynki, p\u00f3\u0142 szklanki mleka, 4 jaja, s\u00f3l, pieprz, 4 \u0142y\u017cki startego parmezanu lub innego \u017c\u00f3\u0142tego sera, \u0142y\u017ceczka mas\u0142a do wysmarowania formy. <\/em><\/p>\n<p>1. Bia\u0142e cz\u0119\u015bci por\u00f3w pokroi\u0107 w cienkie plasterki.<br \/>\n2. Zagotowa\u0107 3 litry osolonej lekko wody, wrzuci\u0107 pokrojone pory i gotowa\u0107 3 minuty.  Odcedzi\u0107, przela\u0107 na sicie zimn\u0105 wod\u0105.<br \/>\n3. Szynk\u0119 pokroi\u0107 w cienkie plasterki.<br \/>\n4. Mleko wymiesza\u0107 z jajami sol\u0105 i pieprzem.<br \/>\n5. Posmarowa\u0107 mas\u0142em \u017caroodporne naczynie,  u\u0142o\u017cy\u0107 warstw\u0119 pora, na niej plasterki szynki, zn\u00f3w pory, zn\u00f3w szynk\u0119: do wyczerpania si\u0119 sk\u0142adnik\u00f3w.<br \/>\n6. Pola\u0107 zapiekank\u0119 mlekiem z jajkami, posypa\u0107 po wierzchu startym parmezanem lub innym serem.<br \/>\nZapieka\u0107 w nagrzanym do 180 st c piekarniku oko\u0142o 20 minut. <\/p>\n","protected":false},"excerpt":{"rendered":"<p>5 du\u017cych por\u00f3w, 30-40 dag szynki, p\u00f3\u0142 szklanki mleka, 4 jaja, s\u00f3l, pieprz, 4 \u0142y\u017cki startego parmezanu lub innego \u017c\u00f3\u0142tego sera, \u0142y\u017ceczka mas\u0142a do wysmarowania formy. 1. Bia\u0142e cz\u0119\u015bci por\u00f3w pokroi\u0107 w cienkie plasterki. 2. Zagotowa\u0107 3 litry osolonej lekko wody, wrzuci\u0107 pokrojone pory i gotowa\u0107 3 minuty. Odcedzi\u0107, przela\u0107 na sicie zimn\u0105 wod\u0105. 3. [&hellip;]<\/p>\n","protected":false},"author":2,"featured_media":0,"comment_status":"open","ping_status":"open","sticky":false,"template":"","format":"standard","meta":{"footnotes":""},"categories":[1],"tags":[],"_links":{"self":[{"href":"https:\/\/blog.polityka.pl\/adamczewski\/wp-json\/wp\/v2\/posts\/10352"}],"collection":[{"href":"https:\/\/blog.polityka.pl\/adamczewski\/wp-json\/wp\/v2\/posts"}],"about":[{"href":"https:\/\/blog.polityka.pl\/adamczewski\/wp-json\/wp\/v2\/types\/post"}],"author":[{"embeddable":true,"href":"https:\/\/blog.polityka.pl\/adamczewski\/wp-json\/wp\/v2\/users\/2"}],"replies":[{"embeddable":true,"href":"https:\/\/blog.polityka.pl\/adamczewski\/wp-json\/wp\/v2\/comments?post=10352"}],"version-history":[{"count":0,"href":"https:\/\/blog.polityka.pl\/adamczewski\/wp-json\/wp\/v2\/posts\/10352\/revisions"}],"wp:attachment":[{"href":"https:\/\/blog.polityka.pl\/adamczewski\/wp-json\/wp\/v2\/media?parent=10352"}],"wp:term":[{"taxonomy":"category","embeddable":true,"href":"https:\/\/blog.polityka.pl\/adamczewski\/wp-json\/wp\/v2\/categories?post=10352"},{"taxonomy":"post_tag","embeddable":true,"href":"https:\/\/blog.polityka.pl\/adamczewski\/wp-json\/wp\/v2\/tags?post=10352"}],"curies":[{"name":"wp","href":"https:\/\/api.w.org\/{rel}","templated":true}]}}