
{"id":10353,"date":"2009-09-13T18:53:49","date_gmt":"2009-09-13T17:53:49","guid":{"rendered":"http:\/\/adamczewscy.pl\/?p=2596"},"modified":"2009-09-13T18:53:49","modified_gmt":"2009-09-13T17:53:49","slug":"marynowany-czosnek-2","status":"publish","type":"post","link":"https:\/\/blog.polityka.pl\/adamczewski\/2009\/09\/13\/marynowany-czosnek-2\/","title":{"rendered":"Marynowany czosnek"},"content":{"rendered":"<p><em>30 dag z\u0105bk\u00f3w czosnku, 3\/4 szklanki octu winnego, 5 ziaren ziela angielskiego, po p\u00f3\u0142 \u0142y\u017ceczki ziaren kolendry i gorczycy, 2 \u0142y\u017ceczki cukru, kilkana\u015bcie igie\u0142ek-listk\u00f3w rozmarynu, 2 str\u0105ki ostrej papryki, 2 \u0142y\u017cki oleju. <\/em><\/p>\n<p>1. Czosnek obra\u0107 z \u0142usek.<br \/>\n2. Zagotowa\u0107 ocet z 3\/4 szklanki wody, doda\u0107 ziele angielskie, gorczyc\u0119 i kolendr\u0119 oraz cukier.<br \/>\n3. Do gotuj\u0105cej sie zalewy wrzuci\u0107 czosnek i od momentu wrzenia gotowa\u0107 5 minut. Tu\u017c przed ko\u0144cem gotowania doda\u0107 rozmaryn.<br \/>\n4. Przygotowane s\u0142oiki nape\u0142nia\u0107 marynat\u0105 z czosnkiem, do ka\u017cdego s\u0142oiczka doda\u0107 po \u0142y\u017ceczce oleju, zakr\u0119ci\u0107 s\u0142oiki przykrywkami. Pasteryzowa\u0107 ok. 20 minut. Gor\u0105ce s\u0142oiki wyj\u0105\u0107 z wody, przewr\u00f3ci\u0107 do g\u00f3ry dnem. <\/p>\n","protected":false},"excerpt":{"rendered":"<p>30 dag z\u0105bk\u00f3w czosnku, 3\/4 szklanki octu winnego, 5 ziaren ziela angielskiego, po p\u00f3\u0142 \u0142y\u017ceczki ziaren kolendry i gorczycy, 2 \u0142y\u017ceczki cukru, kilkana\u015bcie igie\u0142ek-listk\u00f3w rozmarynu, 2 str\u0105ki ostrej papryki, 2 \u0142y\u017cki oleju. 1. Czosnek obra\u0107 z \u0142usek. 2. Zagotowa\u0107 ocet z 3\/4 szklanki wody, doda\u0107 ziele angielskie, gorczyc\u0119 i kolendr\u0119 oraz cukier. 3. Do gotuj\u0105cej [&hellip;]<\/p>\n","protected":false},"author":2,"featured_media":0,"comment_status":"open","ping_status":"open","sticky":false,"template":"","format":"standard","meta":{"footnotes":""},"categories":[1],"tags":[],"_links":{"self":[{"href":"https:\/\/blog.polityka.pl\/adamczewski\/wp-json\/wp\/v2\/posts\/10353"}],"collection":[{"href":"https:\/\/blog.polityka.pl\/adamczewski\/wp-json\/wp\/v2\/posts"}],"about":[{"href":"https:\/\/blog.polityka.pl\/adamczewski\/wp-json\/wp\/v2\/types\/post"}],"author":[{"embeddable":true,"href":"https:\/\/blog.polityka.pl\/adamczewski\/wp-json\/wp\/v2\/users\/2"}],"replies":[{"embeddable":true,"href":"https:\/\/blog.polityka.pl\/adamczewski\/wp-json\/wp\/v2\/comments?post=10353"}],"version-history":[{"count":0,"href":"https:\/\/blog.polityka.pl\/adamczewski\/wp-json\/wp\/v2\/posts\/10353\/revisions"}],"wp:attachment":[{"href":"https:\/\/blog.polityka.pl\/adamczewski\/wp-json\/wp\/v2\/media?parent=10353"}],"wp:term":[{"taxonomy":"category","embeddable":true,"href":"https:\/\/blog.polityka.pl\/adamczewski\/wp-json\/wp\/v2\/categories?post=10353"},{"taxonomy":"post_tag","embeddable":true,"href":"https:\/\/blog.polityka.pl\/adamczewski\/wp-json\/wp\/v2\/tags?post=10353"}],"curies":[{"name":"wp","href":"https:\/\/api.w.org\/{rel}","templated":true}]}}