
{"id":10355,"date":"2009-09-13T18:56:16","date_gmt":"2009-09-13T17:56:16","guid":{"rendered":"http:\/\/adamczewscy.pl\/?p=2598"},"modified":"2009-09-13T18:56:16","modified_gmt":"2009-09-13T17:56:16","slug":"kasza-gryczana-z-pieczarkami","status":"publish","type":"post","link":"https:\/\/blog.polityka.pl\/adamczewski\/2009\/09\/13\/kasza-gryczana-z-pieczarkami\/","title":{"rendered":"Kasza gryczana z pieczarkami"},"content":{"rendered":"<p><em>2 szklanki kaszy gryczanej, 6 szklanek wrz\u0105cej lekko osolonej wody, 30 dag pieczarek, 3 cebule, p\u00f3\u0142 szklanki posiekanego selera naciowego, \u0142y\u017cka mas\u0142a i 3 \u0142y\u017cki oleju, 4 \u0142y\u017cki posiekanej zielonej pietruszki, s\u00f3l, pieprz.<\/em> <\/p>\n<p>1. Wod\u0119 zagotowa\u0107, lekko posoli\u0107, wsypa\u0107 kasz\u0119. Gotowa\u0107, dop\u00f3ki kasza nie wch\u0142onie ca\u0142ej wody.<br \/>\n2. Garnek z kasz\u0105 nakry\u0107 pokrywk\u0105 i wstawi\u0107 do nagrzanego do 280 st C piekarnika i wypieka\u0107 oko\u0142o 40 minut.<br \/>\n3. Pieczarki posieka\u0107, selerowe \u0142odygi pokroi\u0107 w cienkie paski, cebule posieka\u0107.<br \/>\n4. Rozgrza\u0107 mas\u0142o z olejem i doda\u0107 posiekane warzywa, sma\u017cy\u0107, a\u017c stan\u0105 si\u0119 mi\u0119kkie. Na koniec doda\u0107 siekan\u0105 pietruszk\u0119 i wymiesza\u0107.<br \/>\n5. Podawa\u0107 kasz\u0119 wy\u0142o\u017cona na p\u00f3\u0142misek z umieszczonymi na wierzchu uduszonymi grzybami. <\/p>\n","protected":false},"excerpt":{"rendered":"<p>2 szklanki kaszy gryczanej, 6 szklanek wrz\u0105cej lekko osolonej wody, 30 dag pieczarek, 3 cebule, p\u00f3\u0142 szklanki posiekanego selera naciowego, \u0142y\u017cka mas\u0142a i 3 \u0142y\u017cki oleju, 4 \u0142y\u017cki posiekanej zielonej pietruszki, s\u00f3l, pieprz. 1. Wod\u0119 zagotowa\u0107, lekko posoli\u0107, wsypa\u0107 kasz\u0119. Gotowa\u0107, dop\u00f3ki kasza nie wch\u0142onie ca\u0142ej wody. 2. Garnek z kasz\u0105 nakry\u0107 pokrywk\u0105 i wstawi\u0107 [&hellip;]<\/p>\n","protected":false},"author":2,"featured_media":0,"comment_status":"open","ping_status":"open","sticky":false,"template":"","format":"standard","meta":{"footnotes":""},"categories":[1],"tags":[],"_links":{"self":[{"href":"https:\/\/blog.polityka.pl\/adamczewski\/wp-json\/wp\/v2\/posts\/10355"}],"collection":[{"href":"https:\/\/blog.polityka.pl\/adamczewski\/wp-json\/wp\/v2\/posts"}],"about":[{"href":"https:\/\/blog.polityka.pl\/adamczewski\/wp-json\/wp\/v2\/types\/post"}],"author":[{"embeddable":true,"href":"https:\/\/blog.polityka.pl\/adamczewski\/wp-json\/wp\/v2\/users\/2"}],"replies":[{"embeddable":true,"href":"https:\/\/blog.polityka.pl\/adamczewski\/wp-json\/wp\/v2\/comments?post=10355"}],"version-history":[{"count":0,"href":"https:\/\/blog.polityka.pl\/adamczewski\/wp-json\/wp\/v2\/posts\/10355\/revisions"}],"wp:attachment":[{"href":"https:\/\/blog.polityka.pl\/adamczewski\/wp-json\/wp\/v2\/media?parent=10355"}],"wp:term":[{"taxonomy":"category","embeddable":true,"href":"https:\/\/blog.polityka.pl\/adamczewski\/wp-json\/wp\/v2\/categories?post=10355"},{"taxonomy":"post_tag","embeddable":true,"href":"https:\/\/blog.polityka.pl\/adamczewski\/wp-json\/wp\/v2\/tags?post=10355"}],"curies":[{"name":"wp","href":"https:\/\/api.w.org\/{rel}","templated":true}]}}