
{"id":10356,"date":"2009-09-13T18:56:57","date_gmt":"2009-09-13T17:56:57","guid":{"rendered":"http:\/\/adamczewscy.pl\/?p=2599"},"modified":"2009-09-13T18:56:57","modified_gmt":"2009-09-13T17:56:57","slug":"golonka-cieleca-po-wlosku","status":"publish","type":"post","link":"https:\/\/blog.polityka.pl\/adamczewski\/2009\/09\/13\/golonka-cieleca-po-wlosku\/","title":{"rendered":"Golonka ciel\u0119ca po w\u0142osku"},"content":{"rendered":"<p><em>Ok. 1 kg pokrojonej w plastry giczy ciel\u0119cej, 2 du\u017ce cebule, 2 z\u0105bki czosnku, 6 \u015brednich pomidor\u00f3w, szklanka siekanej zielonej pietruszki, 3 \u0142y\u017cki oliwy, szklanka roso\u0142u drobiowego (z kostki), s\u00f3l, pieprz. <\/em><\/p>\n<p>1. Mi\u0119so umy\u0107, osuszy\u0107, posypa\u0107 sol\u0105 i pieprzem.<br \/>\n2. Cebule pokroi\u0107 w pi\u00f3rka, czosnek pokroi\u0107 w plasterki.<br \/>\n3. Rozgrza\u0107 oliw\u0119 w g\u0142\u0119bokiej patelni (koniecznie z pokrywk\u0105), zeszkli\u0107 cebul\u0119, po czym doda\u0107  mi\u0119so i czosnek. Pod koniec obsma\u017cania posypa\u0107 m\u0105k\u0105.<br \/>\n4. Po zdj\u0119ciu sk\u00f3rki pokroi\u0107 pomidory w \u0107wiartki i wraz z roso\u0142em doda\u0107 do podsma\u017conego mi\u0119sa.<br \/>\n5. Doda\u0107 siekan\u0105 zielon\u0105 pietruszk\u0119 i dusi\u0107 potraw\u0119 godzin\u0119 na jak najmniejszym ogniu. W razie potrzeby doprawi\u0107 sol\u0105 i pieprzem. <\/p>\n<p>Potraw\u0119 podawa\u0107 ze \u015bwie\u017c\u0105 bu\u0142k\u0105 lub z dodatkiem ry\u017cu ugotowanego na sypko. <\/p>\n","protected":false},"excerpt":{"rendered":"<p>Ok. 1 kg pokrojonej w plastry giczy ciel\u0119cej, 2 du\u017ce cebule, 2 z\u0105bki czosnku, 6 \u015brednich pomidor\u00f3w, szklanka siekanej zielonej pietruszki, 3 \u0142y\u017cki oliwy, szklanka roso\u0142u drobiowego (z kostki), s\u00f3l, pieprz. 1. Mi\u0119so umy\u0107, osuszy\u0107, posypa\u0107 sol\u0105 i pieprzem. 2. Cebule pokroi\u0107 w pi\u00f3rka, czosnek pokroi\u0107 w plasterki. 3. Rozgrza\u0107 oliw\u0119 w g\u0142\u0119bokiej patelni (koniecznie [&hellip;]<\/p>\n","protected":false},"author":2,"featured_media":0,"comment_status":"open","ping_status":"open","sticky":false,"template":"","format":"standard","meta":{"footnotes":""},"categories":[1],"tags":[],"_links":{"self":[{"href":"https:\/\/blog.polityka.pl\/adamczewski\/wp-json\/wp\/v2\/posts\/10356"}],"collection":[{"href":"https:\/\/blog.polityka.pl\/adamczewski\/wp-json\/wp\/v2\/posts"}],"about":[{"href":"https:\/\/blog.polityka.pl\/adamczewski\/wp-json\/wp\/v2\/types\/post"}],"author":[{"embeddable":true,"href":"https:\/\/blog.polityka.pl\/adamczewski\/wp-json\/wp\/v2\/users\/2"}],"replies":[{"embeddable":true,"href":"https:\/\/blog.polityka.pl\/adamczewski\/wp-json\/wp\/v2\/comments?post=10356"}],"version-history":[{"count":0,"href":"https:\/\/blog.polityka.pl\/adamczewski\/wp-json\/wp\/v2\/posts\/10356\/revisions"}],"wp:attachment":[{"href":"https:\/\/blog.polityka.pl\/adamczewski\/wp-json\/wp\/v2\/media?parent=10356"}],"wp:term":[{"taxonomy":"category","embeddable":true,"href":"https:\/\/blog.polityka.pl\/adamczewski\/wp-json\/wp\/v2\/categories?post=10356"},{"taxonomy":"post_tag","embeddable":true,"href":"https:\/\/blog.polityka.pl\/adamczewski\/wp-json\/wp\/v2\/tags?post=10356"}],"curies":[{"name":"wp","href":"https:\/\/api.w.org\/{rel}","templated":true}]}}