
{"id":10358,"date":"2009-09-13T18:58:56","date_gmt":"2009-09-13T17:58:56","guid":{"rendered":"http:\/\/adamczewscy.pl\/?p=2601"},"modified":"2009-09-13T18:58:56","modified_gmt":"2009-09-13T17:58:56","slug":"brokuly-z-sosem-czosnkowym","status":"publish","type":"post","link":"https:\/\/blog.polityka.pl\/adamczewski\/2009\/09\/13\/brokuly-z-sosem-czosnkowym\/","title":{"rendered":"Broku\u0142y z sosem czosnkowym"},"content":{"rendered":"<p><em>2 r\u00f3\u017cyczki broku\u0142\u00f3w, 2 \u0142y\u017cki soku cytrynowego, 3 \u0142y\u017cki oleju,<br \/>\nNa sos: opakowanie twaro\u017cku czosnkowego, 4 \u0142y\u017cki \u015bmietany krem\u00f3wki, sok cytrynowy do smaku, s\u00f3l.<br \/>\nDo posypania : 2 jaja na twardo drobno posiekane. <\/em><\/p>\n<p>1. Broku\u0142y umy\u0107, podzieli\u0107 na mniejsze r\u00f3\u017cyczki, zala\u0107 osolon\u0105 wrz\u0105c\u0105 wod\u0105 i gotowa\u0107 6-8 minut. Odcedzi\u0107 dok\u0142adnie i ostudzi\u0107.<br \/>\n2. Och\u0142odzon\u0105 w lod\u00f3wce \u015bmietan\u0119 ubi\u0107 na piank\u0119, wymiesza\u0107 ztwarozkiem, sokiem cytrynowym oraz sol\u0105 i pieprzem do smaku.<br \/>\n3. Ostudzone broku\u0142y u\u0142o\u017cy\u0107 na p\u00f3\u0142misku, pola\u0107 sosem twaro\u017ckowym i posypa\u0107 posiekanymi jajkami na twardo. <\/p>\n","protected":false},"excerpt":{"rendered":"<p>2 r\u00f3\u017cyczki broku\u0142\u00f3w, 2 \u0142y\u017cki soku cytrynowego, 3 \u0142y\u017cki oleju, Na sos: opakowanie twaro\u017cku czosnkowego, 4 \u0142y\u017cki \u015bmietany krem\u00f3wki, sok cytrynowy do smaku, s\u00f3l. Do posypania : 2 jaja na twardo drobno posiekane. 1. Broku\u0142y umy\u0107, podzieli\u0107 na mniejsze r\u00f3\u017cyczki, zala\u0107 osolon\u0105 wrz\u0105c\u0105 wod\u0105 i gotowa\u0107 6-8 minut. Odcedzi\u0107 dok\u0142adnie i ostudzi\u0107. 2. Och\u0142odzon\u0105 w [&hellip;]<\/p>\n","protected":false},"author":2,"featured_media":0,"comment_status":"open","ping_status":"open","sticky":false,"template":"","format":"standard","meta":{"footnotes":""},"categories":[1],"tags":[],"_links":{"self":[{"href":"https:\/\/blog.polityka.pl\/adamczewski\/wp-json\/wp\/v2\/posts\/10358"}],"collection":[{"href":"https:\/\/blog.polityka.pl\/adamczewski\/wp-json\/wp\/v2\/posts"}],"about":[{"href":"https:\/\/blog.polityka.pl\/adamczewski\/wp-json\/wp\/v2\/types\/post"}],"author":[{"embeddable":true,"href":"https:\/\/blog.polityka.pl\/adamczewski\/wp-json\/wp\/v2\/users\/2"}],"replies":[{"embeddable":true,"href":"https:\/\/blog.polityka.pl\/adamczewski\/wp-json\/wp\/v2\/comments?post=10358"}],"version-history":[{"count":0,"href":"https:\/\/blog.polityka.pl\/adamczewski\/wp-json\/wp\/v2\/posts\/10358\/revisions"}],"wp:attachment":[{"href":"https:\/\/blog.polityka.pl\/adamczewski\/wp-json\/wp\/v2\/media?parent=10358"}],"wp:term":[{"taxonomy":"category","embeddable":true,"href":"https:\/\/blog.polityka.pl\/adamczewski\/wp-json\/wp\/v2\/categories?post=10358"},{"taxonomy":"post_tag","embeddable":true,"href":"https:\/\/blog.polityka.pl\/adamczewski\/wp-json\/wp\/v2\/tags?post=10358"}],"curies":[{"name":"wp","href":"https:\/\/api.w.org\/{rel}","templated":true}]}}