
{"id":10359,"date":"2009-09-21T06:41:42","date_gmt":"2009-09-21T05:41:42","guid":{"rendered":"http:\/\/adamczewscy.pl\/?p=2603"},"modified":"2009-09-21T06:41:42","modified_gmt":"2009-09-21T05:41:42","slug":"pikantne-mielone-kotlety-z-orzechami","status":"publish","type":"post","link":"https:\/\/blog.polityka.pl\/adamczewski\/2009\/09\/21\/pikantne-mielone-kotlety-z-orzechami\/","title":{"rendered":"Pikantne mielone kotlety z orzechami"},"content":{"rendered":"<p><em>50 dag mielonej ciel\u0119ciny, 2 jaja, kopiasta \u0142y\u017cka pikantnego keczupu, \u0142y\u017cka tartej bu\u0142ki,  4 \u0142y\u017cki  grubo posiekanych orzech\u00f3w w\u0142oskich, s\u00f3l, pieprz, \u0142y\u017cka m\u0105ki do posypania kotlet\u00f3w, 5 \u0142y\u017cek oleju lub oliwy do sma\u017cenia. <\/p>\n<p><\/em> <\/p>\n<p>1. Wyrobi\u0107 dok\u0142adnie mi\u0119so z jajami, keczupem, orzechami i tart\u0105 bu\u0142k\u0105 oraz sol\u0105 i pieprzem, dolewaj\u0105c po trochu, w miar\u0119 potrzeby, zimn\u0105 wod\u0119. <\/p>\n<p>2. Z wyrobionej masy mi\u0119snej uformowa\u0107 8 p\u0142askich kotlecik\u00f3w, lekko posypa\u0107 m\u0105k\u0105. <\/p>\n<p>3. Rozgrza\u0107 na patelni olej lub oliw\u0119 i sma\u017cy\u0107 kotlety po 5 minut z ka\u017cdej strony. <\/p>\n","protected":false},"excerpt":{"rendered":"<p>50 dag mielonej ciel\u0119ciny, 2 jaja, kopiasta \u0142y\u017cka pikantnego keczupu, \u0142y\u017cka tartej bu\u0142ki, 4 \u0142y\u017cki grubo posiekanych orzech\u00f3w w\u0142oskich, s\u00f3l, pieprz, \u0142y\u017cka m\u0105ki do posypania kotlet\u00f3w, 5 \u0142y\u017cek oleju lub oliwy do sma\u017cenia. 1. Wyrobi\u0107 dok\u0142adnie mi\u0119so z jajami, keczupem, orzechami i tart\u0105 bu\u0142k\u0105 oraz sol\u0105 i pieprzem, dolewaj\u0105c po trochu, w miar\u0119 potrzeby, zimn\u0105 [&hellip;]<\/p>\n","protected":false},"author":2,"featured_media":0,"comment_status":"open","ping_status":"open","sticky":false,"template":"","format":"standard","meta":{"footnotes":""},"categories":[1],"tags":[],"_links":{"self":[{"href":"https:\/\/blog.polityka.pl\/adamczewski\/wp-json\/wp\/v2\/posts\/10359"}],"collection":[{"href":"https:\/\/blog.polityka.pl\/adamczewski\/wp-json\/wp\/v2\/posts"}],"about":[{"href":"https:\/\/blog.polityka.pl\/adamczewski\/wp-json\/wp\/v2\/types\/post"}],"author":[{"embeddable":true,"href":"https:\/\/blog.polityka.pl\/adamczewski\/wp-json\/wp\/v2\/users\/2"}],"replies":[{"embeddable":true,"href":"https:\/\/blog.polityka.pl\/adamczewski\/wp-json\/wp\/v2\/comments?post=10359"}],"version-history":[{"count":0,"href":"https:\/\/blog.polityka.pl\/adamczewski\/wp-json\/wp\/v2\/posts\/10359\/revisions"}],"wp:attachment":[{"href":"https:\/\/blog.polityka.pl\/adamczewski\/wp-json\/wp\/v2\/media?parent=10359"}],"wp:term":[{"taxonomy":"category","embeddable":true,"href":"https:\/\/blog.polityka.pl\/adamczewski\/wp-json\/wp\/v2\/categories?post=10359"},{"taxonomy":"post_tag","embeddable":true,"href":"https:\/\/blog.polityka.pl\/adamczewski\/wp-json\/wp\/v2\/tags?post=10359"}],"curies":[{"name":"wp","href":"https:\/\/api.w.org\/{rel}","templated":true}]}}