
{"id":10360,"date":"2009-09-21T06:44:02","date_gmt":"2009-09-21T05:44:02","guid":{"rendered":"http:\/\/adamczewscy.pl\/?p=2604"},"modified":"2009-09-21T06:44:02","modified_gmt":"2009-09-21T05:44:02","slug":"salatka-pomidorowa-z-orzechami","status":"publish","type":"post","link":"https:\/\/blog.polityka.pl\/adamczewski\/2009\/09\/21\/salatka-pomidorowa-z-orzechami\/","title":{"rendered":"Sa\u0142atka pomidorowa z orzechami"},"content":{"rendered":"<p><em>4 du\u017ce pomidory, p\u00f3\u0142 szklanki jogurtu naturalnego, 3 \u0142y\u017cki wy\u0142uskanych orzech\u00f3w w\u0142oskich lub pekan, z\u0105bek czosnku, do smaku s\u00f3l i mielony bia\u0142y pieprz. <\/em><\/p>\n<p>1. Pomidory poprzekrawa\u0107 na czubku na krzy\u017c, pola\u0107 wrz\u0105tkiem i zdj\u0105\u0107 sk\u00f3rk\u0119.<br \/>\n2. Pokroi\u0107 pomidory na grube plasterki, u\u0142o\u017cy\u0107 na p\u00f3\u0142misku.<br \/>\n3. Wymiesza\u0107 jogurt z sol\u0105, bia\u0142ym pieprzem i posiekanymi orzechami oraz przeci\u015bni\u0119tym przez prask\u0119 z\u0105bkiem czosnku. <\/p>\n","protected":false},"excerpt":{"rendered":"<p>4 du\u017ce pomidory, p\u00f3\u0142 szklanki jogurtu naturalnego, 3 \u0142y\u017cki wy\u0142uskanych orzech\u00f3w w\u0142oskich lub pekan, z\u0105bek czosnku, do smaku s\u00f3l i mielony bia\u0142y pieprz. 1. Pomidory poprzekrawa\u0107 na czubku na krzy\u017c, pola\u0107 wrz\u0105tkiem i zdj\u0105\u0107 sk\u00f3rk\u0119. 2. Pokroi\u0107 pomidory na grube plasterki, u\u0142o\u017cy\u0107 na p\u00f3\u0142misku. 3. Wymiesza\u0107 jogurt z sol\u0105, bia\u0142ym pieprzem i posiekanymi orzechami oraz [&hellip;]<\/p>\n","protected":false},"author":2,"featured_media":0,"comment_status":"open","ping_status":"open","sticky":false,"template":"","format":"standard","meta":{"footnotes":""},"categories":[1],"tags":[],"_links":{"self":[{"href":"https:\/\/blog.polityka.pl\/adamczewski\/wp-json\/wp\/v2\/posts\/10360"}],"collection":[{"href":"https:\/\/blog.polityka.pl\/adamczewski\/wp-json\/wp\/v2\/posts"}],"about":[{"href":"https:\/\/blog.polityka.pl\/adamczewski\/wp-json\/wp\/v2\/types\/post"}],"author":[{"embeddable":true,"href":"https:\/\/blog.polityka.pl\/adamczewski\/wp-json\/wp\/v2\/users\/2"}],"replies":[{"embeddable":true,"href":"https:\/\/blog.polityka.pl\/adamczewski\/wp-json\/wp\/v2\/comments?post=10360"}],"version-history":[{"count":0,"href":"https:\/\/blog.polityka.pl\/adamczewski\/wp-json\/wp\/v2\/posts\/10360\/revisions"}],"wp:attachment":[{"href":"https:\/\/blog.polityka.pl\/adamczewski\/wp-json\/wp\/v2\/media?parent=10360"}],"wp:term":[{"taxonomy":"category","embeddable":true,"href":"https:\/\/blog.polityka.pl\/adamczewski\/wp-json\/wp\/v2\/categories?post=10360"},{"taxonomy":"post_tag","embeddable":true,"href":"https:\/\/blog.polityka.pl\/adamczewski\/wp-json\/wp\/v2\/tags?post=10360"}],"curies":[{"name":"wp","href":"https:\/\/api.w.org\/{rel}","templated":true}]}}