
{"id":10361,"date":"2009-09-21T06:45:07","date_gmt":"2009-09-21T05:45:07","guid":{"rendered":"http:\/\/adamczewscy.pl\/?p=2605"},"modified":"2009-09-21T06:45:07","modified_gmt":"2009-09-21T05:45:07","slug":"borowiki-pod-parmezanem","status":"publish","type":"post","link":"https:\/\/blog.polityka.pl\/adamczewski\/2009\/09\/21\/borowiki-pod-parmezanem\/","title":{"rendered":"Borowiki pod parmezanem"},"content":{"rendered":"<p><em>50 dag borowik\u00f3w, 3 \u0142y\u017cki mas\u0142a, 3 \u0142y\u017cki posiekanego koperku, \u0142y\u017ceczka zmielonego pieprzu, p\u00f3\u0142 szklanki startego parmezanu lub innego \u017c\u00f3\u0142tego sera, s\u00f3l, bia\u0142y mielony pieprz. <\/em><\/p>\n<p>1. Borowiki umy\u0107, osuszy\u0107, pokroi\u0107 na kawa\u0142ki, wrzuci\u0107 na roztopione w garnku mas\u0142o, posoli\u0107 i dusi\u0107 do mi\u0119kko\u015bci, w miar\u0119 potrzeby dolewaj\u0105c odrobin\u0119wody.<br \/>\n2. Po uduszeniu i zdj\u0119ciu z ognia doda\u0107 posiekany koperek, pieprz, wymiesza\u0107. Ka\u017cd\u0105 porcj\u0119 gor\u0105cej potrawy posypa\u0107 startym serem. <\/p>\n","protected":false},"excerpt":{"rendered":"<p>50 dag borowik\u00f3w, 3 \u0142y\u017cki mas\u0142a, 3 \u0142y\u017cki posiekanego koperku, \u0142y\u017ceczka zmielonego pieprzu, p\u00f3\u0142 szklanki startego parmezanu lub innego \u017c\u00f3\u0142tego sera, s\u00f3l, bia\u0142y mielony pieprz. 1. Borowiki umy\u0107, osuszy\u0107, pokroi\u0107 na kawa\u0142ki, wrzuci\u0107 na roztopione w garnku mas\u0142o, posoli\u0107 i dusi\u0107 do mi\u0119kko\u015bci, w miar\u0119 potrzeby dolewaj\u0105c odrobin\u0119wody. 2. Po uduszeniu i zdj\u0119ciu z ognia [&hellip;]<\/p>\n","protected":false},"author":2,"featured_media":0,"comment_status":"open","ping_status":"open","sticky":false,"template":"","format":"standard","meta":{"footnotes":""},"categories":[1],"tags":[],"_links":{"self":[{"href":"https:\/\/blog.polityka.pl\/adamczewski\/wp-json\/wp\/v2\/posts\/10361"}],"collection":[{"href":"https:\/\/blog.polityka.pl\/adamczewski\/wp-json\/wp\/v2\/posts"}],"about":[{"href":"https:\/\/blog.polityka.pl\/adamczewski\/wp-json\/wp\/v2\/types\/post"}],"author":[{"embeddable":true,"href":"https:\/\/blog.polityka.pl\/adamczewski\/wp-json\/wp\/v2\/users\/2"}],"replies":[{"embeddable":true,"href":"https:\/\/blog.polityka.pl\/adamczewski\/wp-json\/wp\/v2\/comments?post=10361"}],"version-history":[{"count":0,"href":"https:\/\/blog.polityka.pl\/adamczewski\/wp-json\/wp\/v2\/posts\/10361\/revisions"}],"wp:attachment":[{"href":"https:\/\/blog.polityka.pl\/adamczewski\/wp-json\/wp\/v2\/media?parent=10361"}],"wp:term":[{"taxonomy":"category","embeddable":true,"href":"https:\/\/blog.polityka.pl\/adamczewski\/wp-json\/wp\/v2\/categories?post=10361"},{"taxonomy":"post_tag","embeddable":true,"href":"https:\/\/blog.polityka.pl\/adamczewski\/wp-json\/wp\/v2\/tags?post=10361"}],"curies":[{"name":"wp","href":"https:\/\/api.w.org\/{rel}","templated":true}]}}