
{"id":10362,"date":"2009-09-21T06:51:54","date_gmt":"2009-09-21T05:51:54","guid":{"rendered":"http:\/\/adamczewscy.pl\/?p=2607"},"modified":"2009-09-21T06:51:54","modified_gmt":"2009-09-21T05:51:54","slug":"konfitura-z-rajskich-jabluszek","status":"publish","type":"post","link":"https:\/\/blog.polityka.pl\/adamczewski\/2009\/09\/21\/konfitura-z-rajskich-jabluszek\/","title":{"rendered":"Konfitura z rajskich jab\u0142uszek"},"content":{"rendered":"<p><em>1 kg rajskich jab\u0142uszek, 4 szklanki cukru. <\/em><\/p>\n<p>1. Jab\u0142uszka umy\u0107 nie usuwaj\u0105c ogonk\u00f3w, ka\u017cde nak\u0142u\u0107 kilkakrotnie ig\u0142\u0105, dzi\u0119ki czemu delikatna sk\u00f3rka nie pop\u0119ka w czasie gotowania.<br \/>\n2. Zagotowa\u0107 3 litry wody, wrzuci\u0107 do niej jab\u0142uszka i gotowa\u0107 5 minut. Wyj\u0105\u0107 delikatnie z wody przy pomocy \u0142y\u017cki cedzakowej.<br \/>\n3. Obgotowane jab\u0142uszka w\u0142o\u017cy\u0107 do garnka, zala\u0107 zimn\u0105 wod\u0105 i wsypa\u0107 1\/3 ca\u0142ej porcji cukru. Pozostawi\u0107 do nast\u0119pnego dnia.<br \/>\n4. Po dobie zagotowa\u0107 jab\u0142ka, a kiedy p\u0142yn zacznie wrze\u0107 odstawi\u0107 i dosypa\u0107 kolejn\u0105 1\/3 porcji cukru.<br \/>\n5. Trzeciego dnia dosypa\u0107 pozosta\u0142y cukier i zn\u00f3w ca\u0142o\u015b\u0107 zagotowa\u0107.<br \/>\n6. Do przygotowanych s\u0142oik\u00f3w (wyparzonych i wyp\u0142ukanych spirytusem lub wypra\u017conych w piekarniku) prze\u0142o\u017cy\u0107 gor\u0105c\u0105 konfitur\u0119 i szczelnie je zakr\u0119ci\u0107.<br \/>\nZ tej porcji b\u0119d\u0105 4 \u0107wier\u0107litrowe s\u0142oiczki konfitury. <\/p>\n","protected":false},"excerpt":{"rendered":"<p>1 kg rajskich jab\u0142uszek, 4 szklanki cukru. 1. Jab\u0142uszka umy\u0107 nie usuwaj\u0105c ogonk\u00f3w, ka\u017cde nak\u0142u\u0107 kilkakrotnie ig\u0142\u0105, dzi\u0119ki czemu delikatna sk\u00f3rka nie pop\u0119ka w czasie gotowania. 2. Zagotowa\u0107 3 litry wody, wrzuci\u0107 do niej jab\u0142uszka i gotowa\u0107 5 minut. Wyj\u0105\u0107 delikatnie z wody przy pomocy \u0142y\u017cki cedzakowej. 3. Obgotowane jab\u0142uszka w\u0142o\u017cy\u0107 do garnka, zala\u0107 zimn\u0105 [&hellip;]<\/p>\n","protected":false},"author":2,"featured_media":0,"comment_status":"open","ping_status":"open","sticky":false,"template":"","format":"standard","meta":{"footnotes":""},"categories":[1],"tags":[],"_links":{"self":[{"href":"https:\/\/blog.polityka.pl\/adamczewski\/wp-json\/wp\/v2\/posts\/10362"}],"collection":[{"href":"https:\/\/blog.polityka.pl\/adamczewski\/wp-json\/wp\/v2\/posts"}],"about":[{"href":"https:\/\/blog.polityka.pl\/adamczewski\/wp-json\/wp\/v2\/types\/post"}],"author":[{"embeddable":true,"href":"https:\/\/blog.polityka.pl\/adamczewski\/wp-json\/wp\/v2\/users\/2"}],"replies":[{"embeddable":true,"href":"https:\/\/blog.polityka.pl\/adamczewski\/wp-json\/wp\/v2\/comments?post=10362"}],"version-history":[{"count":0,"href":"https:\/\/blog.polityka.pl\/adamczewski\/wp-json\/wp\/v2\/posts\/10362\/revisions"}],"wp:attachment":[{"href":"https:\/\/blog.polityka.pl\/adamczewski\/wp-json\/wp\/v2\/media?parent=10362"}],"wp:term":[{"taxonomy":"category","embeddable":true,"href":"https:\/\/blog.polityka.pl\/adamczewski\/wp-json\/wp\/v2\/categories?post=10362"},{"taxonomy":"post_tag","embeddable":true,"href":"https:\/\/blog.polityka.pl\/adamczewski\/wp-json\/wp\/v2\/tags?post=10362"}],"curies":[{"name":"wp","href":"https:\/\/api.w.org\/{rel}","templated":true}]}}