
{"id":10365,"date":"2009-09-21T06:55:15","date_gmt":"2009-09-21T05:55:15","guid":{"rendered":"http:\/\/adamczewscy.pl\/?p=2610"},"modified":"2009-09-21T06:55:15","modified_gmt":"2009-09-21T05:55:15","slug":"pyszny-jablkowy-mus","status":"publish","type":"post","link":"https:\/\/blog.polityka.pl\/adamczewski\/2009\/09\/21\/pyszny-jablkowy-mus\/","title":{"rendered":"Pyszny jab\u0142kowy mus"},"content":{"rendered":"<p><em>3 kg jab\u0142ek, 3 i p\u00f3\u0142 szklanki cukru, ok. 5 cm laski cynamonu<\/em><\/p>\n<p>1. Jab\u0142ka umy\u0107, w ca\u0142o\u015bci u\u0142o\u017cy\u0107 na blaszce wy\u0142o\u017conej papierem do wypiek\u00f3w i wstawi\u0107 do piekarnika nagrzanego do temperatury 180 st C na oko\u0142o 40 minut.<br \/>\n2. Upieczone jab\u0142ka przetrze\u0107 przez sito do garnka, doda\u0107 lask\u0119 cynamonu i cukier, mieszaj\u0105c silnie zagrza\u0107 mus (przecier).<br \/>\n3. Cynamon wyj\u0105\u0107, mus (przecier) prze\u0142o\u017cy\u0107 do s\u0142oik\u00f3w, zakr\u0119ci\u0107.<br \/>\n4. S\u0142oiki pasteryzowa\u0107 15 minut.<br \/>\nMus jab\u0142kowy to zar\u00f3wno \u015bwietny deser jak dodatek do pieczeni czy nadzienie do ciast. Dzi\u0119ki temu, \u017ce jab\u0142ka s\u0105 upieczone zyskuje niepowtarzalny smak. <\/p>\n","protected":false},"excerpt":{"rendered":"<p>3 kg jab\u0142ek, 3 i p\u00f3\u0142 szklanki cukru, ok. 5 cm laski cynamonu 1. Jab\u0142ka umy\u0107, w ca\u0142o\u015bci u\u0142o\u017cy\u0107 na blaszce wy\u0142o\u017conej papierem do wypiek\u00f3w i wstawi\u0107 do piekarnika nagrzanego do temperatury 180 st C na oko\u0142o 40 minut. 2. Upieczone jab\u0142ka przetrze\u0107 przez sito do garnka, doda\u0107 lask\u0119 cynamonu i cukier, mieszaj\u0105c silnie zagrza\u0107 [&hellip;]<\/p>\n","protected":false},"author":2,"featured_media":0,"comment_status":"open","ping_status":"open","sticky":false,"template":"","format":"standard","meta":{"footnotes":""},"categories":[1],"tags":[],"_links":{"self":[{"href":"https:\/\/blog.polityka.pl\/adamczewski\/wp-json\/wp\/v2\/posts\/10365"}],"collection":[{"href":"https:\/\/blog.polityka.pl\/adamczewski\/wp-json\/wp\/v2\/posts"}],"about":[{"href":"https:\/\/blog.polityka.pl\/adamczewski\/wp-json\/wp\/v2\/types\/post"}],"author":[{"embeddable":true,"href":"https:\/\/blog.polityka.pl\/adamczewski\/wp-json\/wp\/v2\/users\/2"}],"replies":[{"embeddable":true,"href":"https:\/\/blog.polityka.pl\/adamczewski\/wp-json\/wp\/v2\/comments?post=10365"}],"version-history":[{"count":0,"href":"https:\/\/blog.polityka.pl\/adamczewski\/wp-json\/wp\/v2\/posts\/10365\/revisions"}],"wp:attachment":[{"href":"https:\/\/blog.polityka.pl\/adamczewski\/wp-json\/wp\/v2\/media?parent=10365"}],"wp:term":[{"taxonomy":"category","embeddable":true,"href":"https:\/\/blog.polityka.pl\/adamczewski\/wp-json\/wp\/v2\/categories?post=10365"},{"taxonomy":"post_tag","embeddable":true,"href":"https:\/\/blog.polityka.pl\/adamczewski\/wp-json\/wp\/v2\/tags?post=10365"}],"curies":[{"name":"wp","href":"https:\/\/api.w.org\/{rel}","templated":true}]}}