
{"id":10367,"date":"2009-09-27T14:41:56","date_gmt":"2009-09-27T13:41:56","guid":{"rendered":"http:\/\/adamczewscy.pl\/?p=2613"},"modified":"2009-09-27T14:41:56","modified_gmt":"2009-09-27T13:41:56","slug":"babka-znad-dunaju","status":"publish","type":"post","link":"https:\/\/blog.polityka.pl\/adamczewski\/2009\/09\/27\/babka-znad-dunaju\/","title":{"rendered":"Babka znad Dunaju"},"content":{"rendered":"<p><em>7 i p\u00f3\u0142 \u0142y\u017cki mas\u0142a, 4 jajka, 3\/4 szklanki cukru, szklanka mleka, 2 \u0142y\u017ceczki proszku do pieczenia, 2 i p\u00f3\u0142 szklanki m\u0105ki, cukier waniliowy.<br \/>\nDo wysmarowania blaszki: \u0142y\u017cka mas\u0142a<br \/>\nDo wysypania blaszki :2 \u0142y\u017cki posiekanych migda\u0142\u00f3w<\/em><\/p>\n<p>1. Utrze\u0107 mas\u0142o z dodawanymi po jednym jajkami i  po trochu cukrem.<br \/>\n2. Doda\u0107 szklank\u0119 mleka, m\u0105k\u0119, proszek do pieczenia i cukier waniliowy. Wymiesza\u0107.<br \/>\n3. Wysmarowa\u0107 blaszk\u0119 mas\u0142em, wysypa\u0107 siekanymi migda\u0142ami i przela\u0107 do niej ciasto.<br \/>\n4. Piec w temperaturze 190 st C do momentu, kiedy wk\u0142uty do ciasta patyczek b\u0119dzie suchy a wierzch ciasta rumiany. <\/p>\n","protected":false},"excerpt":{"rendered":"<p>7 i p\u00f3\u0142 \u0142y\u017cki mas\u0142a, 4 jajka, 3\/4 szklanki cukru, szklanka mleka, 2 \u0142y\u017ceczki proszku do pieczenia, 2 i p\u00f3\u0142 szklanki m\u0105ki, cukier waniliowy. Do wysmarowania blaszki: \u0142y\u017cka mas\u0142a Do wysypania blaszki :2 \u0142y\u017cki posiekanych migda\u0142\u00f3w 1. Utrze\u0107 mas\u0142o z dodawanymi po jednym jajkami i po trochu cukrem. 2. Doda\u0107 szklank\u0119 mleka, m\u0105k\u0119, proszek do [&hellip;]<\/p>\n","protected":false},"author":2,"featured_media":0,"comment_status":"open","ping_status":"open","sticky":false,"template":"","format":"standard","meta":{"footnotes":""},"categories":[1],"tags":[],"_links":{"self":[{"href":"https:\/\/blog.polityka.pl\/adamczewski\/wp-json\/wp\/v2\/posts\/10367"}],"collection":[{"href":"https:\/\/blog.polityka.pl\/adamczewski\/wp-json\/wp\/v2\/posts"}],"about":[{"href":"https:\/\/blog.polityka.pl\/adamczewski\/wp-json\/wp\/v2\/types\/post"}],"author":[{"embeddable":true,"href":"https:\/\/blog.polityka.pl\/adamczewski\/wp-json\/wp\/v2\/users\/2"}],"replies":[{"embeddable":true,"href":"https:\/\/blog.polityka.pl\/adamczewski\/wp-json\/wp\/v2\/comments?post=10367"}],"version-history":[{"count":0,"href":"https:\/\/blog.polityka.pl\/adamczewski\/wp-json\/wp\/v2\/posts\/10367\/revisions"}],"wp:attachment":[{"href":"https:\/\/blog.polityka.pl\/adamczewski\/wp-json\/wp\/v2\/media?parent=10367"}],"wp:term":[{"taxonomy":"category","embeddable":true,"href":"https:\/\/blog.polityka.pl\/adamczewski\/wp-json\/wp\/v2\/categories?post=10367"},{"taxonomy":"post_tag","embeddable":true,"href":"https:\/\/blog.polityka.pl\/adamczewski\/wp-json\/wp\/v2\/tags?post=10367"}],"curies":[{"name":"wp","href":"https:\/\/api.w.org\/{rel}","templated":true}]}}