
{"id":10368,"date":"2009-09-27T14:44:48","date_gmt":"2009-09-27T13:44:48","guid":{"rendered":"http:\/\/adamczewscy.pl\/?p=2614"},"modified":"2009-09-27T14:44:48","modified_gmt":"2009-09-27T13:44:48","slug":"bajaderki","status":"publish","type":"post","link":"https:\/\/blog.polityka.pl\/adamczewski\/2009\/09\/27\/bajaderki\/","title":{"rendered":"Bajaderki"},"content":{"rendered":"<p><em>3 szklanki zmielonego przez maszynk\u0119 dowolnego czerstwego ciasta lub herbatnik\u00f3w, p\u00f3\u0142 szklanki mleka, \u0107wier\u0107 (250 gramowej) kostki mas\u0142a , 3 pe\u0142ne \u0142y\u017cki ciemnego kakao, 3\/4 szklanki cukru,  szklanka dowolnych bakalii: posiekanych orzech\u00f3w, sk\u00f3rki pomara\u0144czowej w cukrze, rodzynek, itd.,  2 ca\u0142e suche wafle.<br \/>\nNa wszelki wypadek warto mie\u0107 pod r\u0119k\u0105 jeszcze troch\u0119 mleka!<br \/>\n<\/em><br \/>\n1. Zmielone ciasto lub herbatniki wsypa\u0107 do sporej miski, wymiesza\u0107 z bakaliami.<br \/>\n2. Mleko zagotowa\u0107 z cukrem, 3 \u0142y\u017ckami kakao i mas\u0142em.<br \/>\n3. Wla\u0107 do zmielonego ciasta, wymiesza\u0107 i chwil\u0119 poczeka\u0107, aby mleko wch\u0142on\u0119\u0142o si\u0119. Je\u015bli ca\u0142o\u015b\u0107 mielonego ciasta nie nasi\u0105k\u0142a dok\u0142adnie, nale\u017cy jeszcze po odrobinie dolewa\u0107 mleko, aby uzyska\u0107 elastyczn\u0105 mas\u0119.<br \/>\n4. Mas\u0119 rozsmarowa\u0107 na waflu warstw\u0105 ok. 2 cm, nakry\u0107 drugim waflem i obci\u0105\u017cy\u0107, pozostawiaj\u0105c na kilka godzin w ch\u0142odnym miejscu.<br \/>\n5. Pokroi\u0107 po dok\u0142adnym zastygni\u0119ciu najpierw na centymetrowe paski potem na kilkucentymetrowe ciasteczka. <\/p>\n<p>To doskona\u0142a forma spo\u017cytkowania pozosta\u0142ego ciasta dro\u017cd\u017cowego, kruchego lub piaskowego,   bajaderki s\u0105 pyszne i d\u0142ugo mo\u017cna je przechowywa\u0107. <\/p>\n","protected":false},"excerpt":{"rendered":"<p>3 szklanki zmielonego przez maszynk\u0119 dowolnego czerstwego ciasta lub herbatnik\u00f3w, p\u00f3\u0142 szklanki mleka, \u0107wier\u0107 (250 gramowej) kostki mas\u0142a , 3 pe\u0142ne \u0142y\u017cki ciemnego kakao, 3\/4 szklanki cukru, szklanka dowolnych bakalii: posiekanych orzech\u00f3w, sk\u00f3rki pomara\u0144czowej w cukrze, rodzynek, itd., 2 ca\u0142e suche wafle. Na wszelki wypadek warto mie\u0107 pod r\u0119k\u0105 jeszcze troch\u0119 mleka! 1. Zmielone ciasto [&hellip;]<\/p>\n","protected":false},"author":2,"featured_media":0,"comment_status":"open","ping_status":"open","sticky":false,"template":"","format":"standard","meta":{"footnotes":""},"categories":[1],"tags":[],"_links":{"self":[{"href":"https:\/\/blog.polityka.pl\/adamczewski\/wp-json\/wp\/v2\/posts\/10368"}],"collection":[{"href":"https:\/\/blog.polityka.pl\/adamczewski\/wp-json\/wp\/v2\/posts"}],"about":[{"href":"https:\/\/blog.polityka.pl\/adamczewski\/wp-json\/wp\/v2\/types\/post"}],"author":[{"embeddable":true,"href":"https:\/\/blog.polityka.pl\/adamczewski\/wp-json\/wp\/v2\/users\/2"}],"replies":[{"embeddable":true,"href":"https:\/\/blog.polityka.pl\/adamczewski\/wp-json\/wp\/v2\/comments?post=10368"}],"version-history":[{"count":0,"href":"https:\/\/blog.polityka.pl\/adamczewski\/wp-json\/wp\/v2\/posts\/10368\/revisions"}],"wp:attachment":[{"href":"https:\/\/blog.polityka.pl\/adamczewski\/wp-json\/wp\/v2\/media?parent=10368"}],"wp:term":[{"taxonomy":"category","embeddable":true,"href":"https:\/\/blog.polityka.pl\/adamczewski\/wp-json\/wp\/v2\/categories?post=10368"},{"taxonomy":"post_tag","embeddable":true,"href":"https:\/\/blog.polityka.pl\/adamczewski\/wp-json\/wp\/v2\/tags?post=10368"}],"curies":[{"name":"wp","href":"https:\/\/api.w.org\/{rel}","templated":true}]}}