
{"id":10369,"date":"2009-09-27T14:45:42","date_gmt":"2009-09-27T13:45:42","guid":{"rendered":"http:\/\/adamczewscy.pl\/?p=2615"},"modified":"2009-09-27T14:45:42","modified_gmt":"2009-09-27T13:45:42","slug":"lekka-babka-drozdzowa","status":"publish","type":"post","link":"https:\/\/blog.polityka.pl\/adamczewski\/2009\/09\/27\/lekka-babka-drozdzowa\/","title":{"rendered":"Lekka babka dro\u017cd\u017cowa"},"content":{"rendered":"<p><em>50 dag m\u0105ki, szklanka mleka,  7 dag dro\u017cd\u017cy, 10 \u017c\u00f3\u0142tek, 3\/4 szklanki cukru pudru, 7 \u0142y\u017cek mas\u0142a, zapach rumowy, szczypta soli, dowolne bakalie.<br \/>\nDo posmarowania form: kopiasta \u0142y\u017cka mas\u0142a<br \/>\n<\/em><br \/>\n1. Po\u0142ow\u0119 m\u0105ki sparzy\u0107 wrz\u0105cym mlekiem i dok\u0142adnie rozetrze\u0107, aby nie by\u0142o grudek, och\u0142odzi\u0107 zaczyn pod przykryciem.<br \/>\n2. Do zaparzonej m\u0105ki doda\u0107 pokruszone dro\u017cd\u017ce,  starannie wymiesza\u0107 i odstawi\u0107 do wyro\u015bni\u0119cia w ciep\u0142ym miejscu.<br \/>\n3. \u017b\u00f3\u0142tka ubi\u0107 z cukrem przy pomocy miksera na puszyst\u0105 mas\u0119.<br \/>\n4. Do wyro\u015bni\u0119tego zaczynu doda\u0107 ubite \u017c\u00f3\u0142tka, pozosta\u0142\u0105 m\u0105k\u0119 i dok\u0142adnie wyrobi\u0107.<br \/>\n5. Do odstaj\u0105cego od miski i d\u0142oni ciasta doda\u0107 roztopione mas\u0142o, s\u00f3l i bakalie, jeszcze chwil\u0119 wyrabia\u0107.<br \/>\n6. Wysmarowa\u0107 mas\u0142em 2 formy babowe,  prze\u0142o\u017cy\u0107 do nich ciasto i odstawi\u0107,  aby wyros\u0142y dwukrotnie.<br \/>\n7. Piec w gor\u0105cym piekarniku (190-200 st C) oko\u0142o 50 minut.<br \/>\nWyk\u0142ada\u0107 baby z form dopiero po wystudzeniu. Mo\u017cna je polukrowa\u0107 lub posypa\u0107 cukrem. <\/p>\n","protected":false},"excerpt":{"rendered":"<p>50 dag m\u0105ki, szklanka mleka, 7 dag dro\u017cd\u017cy, 10 \u017c\u00f3\u0142tek, 3\/4 szklanki cukru pudru, 7 \u0142y\u017cek mas\u0142a, zapach rumowy, szczypta soli, dowolne bakalie. Do posmarowania form: kopiasta \u0142y\u017cka mas\u0142a 1. Po\u0142ow\u0119 m\u0105ki sparzy\u0107 wrz\u0105cym mlekiem i dok\u0142adnie rozetrze\u0107, aby nie by\u0142o grudek, och\u0142odzi\u0107 zaczyn pod przykryciem. 2. Do zaparzonej m\u0105ki doda\u0107 pokruszone dro\u017cd\u017ce, starannie wymiesza\u0107 [&hellip;]<\/p>\n","protected":false},"author":2,"featured_media":0,"comment_status":"open","ping_status":"open","sticky":false,"template":"","format":"standard","meta":{"footnotes":""},"categories":[1],"tags":[],"_links":{"self":[{"href":"https:\/\/blog.polityka.pl\/adamczewski\/wp-json\/wp\/v2\/posts\/10369"}],"collection":[{"href":"https:\/\/blog.polityka.pl\/adamczewski\/wp-json\/wp\/v2\/posts"}],"about":[{"href":"https:\/\/blog.polityka.pl\/adamczewski\/wp-json\/wp\/v2\/types\/post"}],"author":[{"embeddable":true,"href":"https:\/\/blog.polityka.pl\/adamczewski\/wp-json\/wp\/v2\/users\/2"}],"replies":[{"embeddable":true,"href":"https:\/\/blog.polityka.pl\/adamczewski\/wp-json\/wp\/v2\/comments?post=10369"}],"version-history":[{"count":0,"href":"https:\/\/blog.polityka.pl\/adamczewski\/wp-json\/wp\/v2\/posts\/10369\/revisions"}],"wp:attachment":[{"href":"https:\/\/blog.polityka.pl\/adamczewski\/wp-json\/wp\/v2\/media?parent=10369"}],"wp:term":[{"taxonomy":"category","embeddable":true,"href":"https:\/\/blog.polityka.pl\/adamczewski\/wp-json\/wp\/v2\/categories?post=10369"},{"taxonomy":"post_tag","embeddable":true,"href":"https:\/\/blog.polityka.pl\/adamczewski\/wp-json\/wp\/v2\/tags?post=10369"}],"curies":[{"name":"wp","href":"https:\/\/api.w.org\/{rel}","templated":true}]}}