
{"id":10371,"date":"2009-09-27T14:47:28","date_gmt":"2009-09-27T13:47:28","guid":{"rendered":"http:\/\/adamczewscy.pl\/?p=2617"},"modified":"2009-09-27T14:47:28","modified_gmt":"2009-09-27T13:47:28","slug":"owoce-pod-kruszonka","status":"publish","type":"post","link":"https:\/\/blog.polityka.pl\/adamczewski\/2009\/09\/27\/owoce-pod-kruszonka\/","title":{"rendered":"Owoce pod kruszonk\u0105"},"content":{"rendered":"<p><em>50 dag mieszanych owoc\u00f3w (maliny, bor\u00f3wka ameryka\u0144ska, je\u017cyny, truskawki, doskonale komponuje si\u0119 tak\u017ce banan), 3\/4 szklanki cukru.<br \/>\nNa kruszonk\u0119: szklanka z czubem m\u0105ki, p\u00f3\u0142 kostki (12, 5 dag) mas\u0142a, p\u00f3\u0142 szklanki i dwie \u0142y\u017cki cukru.<br \/>\nDo wysmarowania tortownicy: \u0142y\u017cka mas\u0142a<br \/>\n<\/em><br \/>\n1. Owoce umy\u0107 i jak najdok\u0142adniej os\u0105czy\u0107 z wody.<br \/>\n2. Sch\u0142odzone mas\u0142o posieka\u0107 na jak najmniejsze kawa\u0142eczki, doda\u0107 m\u0105k\u0119 i cukier i dalej sieka\u0107, a\u017c utworzy sie bardzo drobna ?kaszka?.<br \/>\n3. Owoce wymiesza\u0107 z cukrem, wy\u0142o\u017cy\u0107 do lekko nat\u0142uszczonej tortownicy \u015brednicy ok. 22 cm, wierzch posypa\u0107 kruszonkow\u0105 ? kaszk\u0105?..<br \/>\n4. Nagrza\u0107 piekarnik do temperatury 200-220 st C i zapieka\u0107 deser oko\u0142o 40 minut, do momentu, kiedy wierzch si\u0119 zrumieni.<br \/>\nNajlepiej podawa\u0107 na gor\u0105co, osoby lubi\u0105ce bardzo s\u0142odkie desery mog\u0105 podawa\u0107 t\u0119 potraw\u0119 z bit\u0105 \u015bmietan\u0105. <\/p>\n","protected":false},"excerpt":{"rendered":"<p>50 dag mieszanych owoc\u00f3w (maliny, bor\u00f3wka ameryka\u0144ska, je\u017cyny, truskawki, doskonale komponuje si\u0119 tak\u017ce banan), 3\/4 szklanki cukru. Na kruszonk\u0119: szklanka z czubem m\u0105ki, p\u00f3\u0142 kostki (12, 5 dag) mas\u0142a, p\u00f3\u0142 szklanki i dwie \u0142y\u017cki cukru. Do wysmarowania tortownicy: \u0142y\u017cka mas\u0142a 1. Owoce umy\u0107 i jak najdok\u0142adniej os\u0105czy\u0107 z wody. 2. Sch\u0142odzone mas\u0142o posieka\u0107 na jak [&hellip;]<\/p>\n","protected":false},"author":2,"featured_media":0,"comment_status":"open","ping_status":"open","sticky":false,"template":"","format":"standard","meta":{"footnotes":""},"categories":[1],"tags":[],"_links":{"self":[{"href":"https:\/\/blog.polityka.pl\/adamczewski\/wp-json\/wp\/v2\/posts\/10371"}],"collection":[{"href":"https:\/\/blog.polityka.pl\/adamczewski\/wp-json\/wp\/v2\/posts"}],"about":[{"href":"https:\/\/blog.polityka.pl\/adamczewski\/wp-json\/wp\/v2\/types\/post"}],"author":[{"embeddable":true,"href":"https:\/\/blog.polityka.pl\/adamczewski\/wp-json\/wp\/v2\/users\/2"}],"replies":[{"embeddable":true,"href":"https:\/\/blog.polityka.pl\/adamczewski\/wp-json\/wp\/v2\/comments?post=10371"}],"version-history":[{"count":0,"href":"https:\/\/blog.polityka.pl\/adamczewski\/wp-json\/wp\/v2\/posts\/10371\/revisions"}],"wp:attachment":[{"href":"https:\/\/blog.polityka.pl\/adamczewski\/wp-json\/wp\/v2\/media?parent=10371"}],"wp:term":[{"taxonomy":"category","embeddable":true,"href":"https:\/\/blog.polityka.pl\/adamczewski\/wp-json\/wp\/v2\/categories?post=10371"},{"taxonomy":"post_tag","embeddable":true,"href":"https:\/\/blog.polityka.pl\/adamczewski\/wp-json\/wp\/v2\/tags?post=10371"}],"curies":[{"name":"wp","href":"https:\/\/api.w.org\/{rel}","templated":true}]}}