
{"id":10372,"date":"2009-09-27T14:48:24","date_gmt":"2009-09-27T13:48:24","guid":{"rendered":"http:\/\/adamczewscy.pl\/?p=2618"},"modified":"2009-09-27T14:48:24","modified_gmt":"2009-09-27T13:48:24","slug":"puszysta-szarlotka","status":"publish","type":"post","link":"https:\/\/blog.polityka.pl\/adamczewski\/2009\/09\/27\/puszysta-szarlotka\/","title":{"rendered":"Puszysta szarlotka"},"content":{"rendered":"<p><em>6 jab\u0142ek, 3 pe\u0142ne \u0142y\u017cki cukru, i cukier waniliowy,<br \/>\nNa puszyste ciasto: 4 du\u017ce jajka, 6 czubatych \u0142y\u017cek m\u0105ki, 4 \u0142y\u017cki cukru, kilka kropli olejku cytrynowego lub waniliowego, p\u0142aska \u0142y\u017ceczka proszku do pieczeni.<br \/>\nDo wysmarowania formy: kopiasta \u0142y\u017cka mas\u0142a<br \/>\nDo wysypania formy: \u0142y\u017cka tartej bu\u0142ki<\/em><\/p>\n<p>1. Jab\u0142ka obra\u0107,  i po usuni\u0119ciu gniazd nasiennych, pokroi\u0107 w cienkie plasterki, wymiesza\u0107 z cukrem i cukrem waniliowym.<br \/>\n2. Ubi\u0107 sztywn\u0105 pian\u0119 z bia\u0142ek i nadal ubijaj\u0105c dodawa\u0107 cukier, \u017c\u00f3\u0142tka, zapach i wreszcie m\u0105k\u0119 wymieszan\u0105 z proszkiem do pieczenia.<br \/>\n3. W wysmarowanej formie u\u0142o\u017cy\u0107 jab\u0142ka z cukrem, na nie wyla\u0107 ciasto.<br \/>\n4. Nagrza\u0107 piekarnik do temperatury 200 st C i piec 35 minut.<br \/>\nNajlepiej smakuje podawane na ciep\u0142o, mo\u017cna wy\u0142o\u017cy\u0107 dnem do g\u00f3ry na p\u00f3\u0142misek. <\/p>\n","protected":false},"excerpt":{"rendered":"<p>6 jab\u0142ek, 3 pe\u0142ne \u0142y\u017cki cukru, i cukier waniliowy, Na puszyste ciasto: 4 du\u017ce jajka, 6 czubatych \u0142y\u017cek m\u0105ki, 4 \u0142y\u017cki cukru, kilka kropli olejku cytrynowego lub waniliowego, p\u0142aska \u0142y\u017ceczka proszku do pieczeni. Do wysmarowania formy: kopiasta \u0142y\u017cka mas\u0142a Do wysypania formy: \u0142y\u017cka tartej bu\u0142ki 1. Jab\u0142ka obra\u0107, i po usuni\u0119ciu gniazd nasiennych, pokroi\u0107 w [&hellip;]<\/p>\n","protected":false},"author":2,"featured_media":0,"comment_status":"open","ping_status":"open","sticky":false,"template":"","format":"standard","meta":{"footnotes":""},"categories":[1],"tags":[],"_links":{"self":[{"href":"https:\/\/blog.polityka.pl\/adamczewski\/wp-json\/wp\/v2\/posts\/10372"}],"collection":[{"href":"https:\/\/blog.polityka.pl\/adamczewski\/wp-json\/wp\/v2\/posts"}],"about":[{"href":"https:\/\/blog.polityka.pl\/adamczewski\/wp-json\/wp\/v2\/types\/post"}],"author":[{"embeddable":true,"href":"https:\/\/blog.polityka.pl\/adamczewski\/wp-json\/wp\/v2\/users\/2"}],"replies":[{"embeddable":true,"href":"https:\/\/blog.polityka.pl\/adamczewski\/wp-json\/wp\/v2\/comments?post=10372"}],"version-history":[{"count":0,"href":"https:\/\/blog.polityka.pl\/adamczewski\/wp-json\/wp\/v2\/posts\/10372\/revisions"}],"wp:attachment":[{"href":"https:\/\/blog.polityka.pl\/adamczewski\/wp-json\/wp\/v2\/media?parent=10372"}],"wp:term":[{"taxonomy":"category","embeddable":true,"href":"https:\/\/blog.polityka.pl\/adamczewski\/wp-json\/wp\/v2\/categories?post=10372"},{"taxonomy":"post_tag","embeddable":true,"href":"https:\/\/blog.polityka.pl\/adamczewski\/wp-json\/wp\/v2\/tags?post=10372"}],"curies":[{"name":"wp","href":"https:\/\/api.w.org\/{rel}","templated":true}]}}