
{"id":10373,"date":"2009-09-27T14:49:33","date_gmt":"2009-09-27T13:49:33","guid":{"rendered":"http:\/\/adamczewscy.pl\/?p=2619"},"modified":"2009-09-27T14:49:33","modified_gmt":"2009-09-27T13:49:33","slug":"tarta-jablkowa-ireny-gumowskiej","status":"publish","type":"post","link":"https:\/\/blog.polityka.pl\/adamczewski\/2009\/09\/27\/tarta-jablkowa-ireny-gumowskiej\/","title":{"rendered":"Tarta jab\u0142kowa Ireny Gumowskiej"},"content":{"rendered":"<p><em>Na ciasto: 25 dag m\u0105ki, p\u00f3\u0142 (250 gramowej) kostki mas\u0142a, a na koniec no\u017ca proszku do pieczenia, 3\/4 szklanki wody, szczypta soli, 2 \u0142y\u017cki cukru pudru.<br \/>\nNa nadzienie: 3 du\u017ce jab\u0142ka,<br \/>\nNa polew\u0119: 2 jajka, szklanka \u015bmietany, cukier puder do smaku, dowolny zapach: starta sk\u00f3rka cytryny lub troch\u0119 cukru waniliowego<\/em><\/p>\n<p>1. Z podanych sk\u0142adnik\u00f3w zagnie\u015b\u0107 ciasto, rozwa\u0142kowa\u0107 i u\u0142o\u017cy\u0107 w du\u017cej tortownicy lub formie do tart, posypa\u0107 cukrem pudrem.<br \/>\n2. U\u0142o\u017cy\u0107 na nim pokrojone w plasterki obrane uprzednio ze sk\u00f3rki jab\u0142ka.<br \/>\n3Zapiec w piekarniku oko\u0142o 30minut w temperaturze190 st C.<br \/>\n4. Jajka zmiksowa\u0107 ze \u015bmietan\u0105, cukrem pudrem i zapachem. Zala\u0107 wierzch zapieczonej tarty i wstawi\u0107 raz jeszcze do piekarnika, aby wierzch si\u0119 zrumieni\u0142. <\/p>\n","protected":false},"excerpt":{"rendered":"<p>Na ciasto: 25 dag m\u0105ki, p\u00f3\u0142 (250 gramowej) kostki mas\u0142a, a na koniec no\u017ca proszku do pieczenia, 3\/4 szklanki wody, szczypta soli, 2 \u0142y\u017cki cukru pudru. Na nadzienie: 3 du\u017ce jab\u0142ka, Na polew\u0119: 2 jajka, szklanka \u015bmietany, cukier puder do smaku, dowolny zapach: starta sk\u00f3rka cytryny lub troch\u0119 cukru waniliowego 1. Z podanych sk\u0142adnik\u00f3w zagnie\u015b\u0107 [&hellip;]<\/p>\n","protected":false},"author":2,"featured_media":0,"comment_status":"open","ping_status":"open","sticky":false,"template":"","format":"standard","meta":{"footnotes":""},"categories":[1],"tags":[],"_links":{"self":[{"href":"https:\/\/blog.polityka.pl\/adamczewski\/wp-json\/wp\/v2\/posts\/10373"}],"collection":[{"href":"https:\/\/blog.polityka.pl\/adamczewski\/wp-json\/wp\/v2\/posts"}],"about":[{"href":"https:\/\/blog.polityka.pl\/adamczewski\/wp-json\/wp\/v2\/types\/post"}],"author":[{"embeddable":true,"href":"https:\/\/blog.polityka.pl\/adamczewski\/wp-json\/wp\/v2\/users\/2"}],"replies":[{"embeddable":true,"href":"https:\/\/blog.polityka.pl\/adamczewski\/wp-json\/wp\/v2\/comments?post=10373"}],"version-history":[{"count":0,"href":"https:\/\/blog.polityka.pl\/adamczewski\/wp-json\/wp\/v2\/posts\/10373\/revisions"}],"wp:attachment":[{"href":"https:\/\/blog.polityka.pl\/adamczewski\/wp-json\/wp\/v2\/media?parent=10373"}],"wp:term":[{"taxonomy":"category","embeddable":true,"href":"https:\/\/blog.polityka.pl\/adamczewski\/wp-json\/wp\/v2\/categories?post=10373"},{"taxonomy":"post_tag","embeddable":true,"href":"https:\/\/blog.polityka.pl\/adamczewski\/wp-json\/wp\/v2\/tags?post=10373"}],"curies":[{"name":"wp","href":"https:\/\/api.w.org\/{rel}","templated":true}]}}