
{"id":10375,"date":"2009-10-04T15:23:18","date_gmt":"2009-10-04T14:23:18","guid":{"rendered":"http:\/\/adamczewscy.pl\/?p=2622"},"modified":"2009-10-04T15:23:18","modified_gmt":"2009-10-04T14:23:18","slug":"surowka-z-kiszonej-kapusty-2","status":"publish","type":"post","link":"https:\/\/blog.polityka.pl\/adamczewski\/2009\/10\/04\/surowka-z-kiszonej-kapusty-2\/","title":{"rendered":"Sur\u00f3wka z kiszonej kapusty"},"content":{"rendered":"<p><em>30-40 dag dobrej kiszonej kapusty, marchew, 2 \u0142y\u017cki siekanego szczypiorku lub posiekana dymka wraz ze szczypiorem, 3 \u0142y\u017cki oleju z pestek winogron, \u0142y\u017cka (lub wi\u0119cej, wed\u0142ug gustu) cukru. <\/em><\/p>\n<p>1. Kapust\u0119 posieka\u0107 no\u017cem.<br \/>\n2. Marchew obra\u0107 i zetrze\u0107 na jarzynowej tarce<br \/>\n3. Wymiesza\u0107 kapust\u0119 z marchwi\u0105, doda\u0107 posiekany szczypior lub dymk\u0119, olej i cukier i starannie wymiesza\u0107. Odstawi\u0107 na 15 minut i  podawa\u0107. <\/p>\n","protected":false},"excerpt":{"rendered":"<p>30-40 dag dobrej kiszonej kapusty, marchew, 2 \u0142y\u017cki siekanego szczypiorku lub posiekana dymka wraz ze szczypiorem, 3 \u0142y\u017cki oleju z pestek winogron, \u0142y\u017cka (lub wi\u0119cej, wed\u0142ug gustu) cukru. 1. Kapust\u0119 posieka\u0107 no\u017cem. 2. Marchew obra\u0107 i zetrze\u0107 na jarzynowej tarce 3. Wymiesza\u0107 kapust\u0119 z marchwi\u0105, doda\u0107 posiekany szczypior lub dymk\u0119, olej i cukier i starannie [&hellip;]<\/p>\n","protected":false},"author":2,"featured_media":0,"comment_status":"open","ping_status":"open","sticky":false,"template":"","format":"standard","meta":{"footnotes":""},"categories":[1],"tags":[],"_links":{"self":[{"href":"https:\/\/blog.polityka.pl\/adamczewski\/wp-json\/wp\/v2\/posts\/10375"}],"collection":[{"href":"https:\/\/blog.polityka.pl\/adamczewski\/wp-json\/wp\/v2\/posts"}],"about":[{"href":"https:\/\/blog.polityka.pl\/adamczewski\/wp-json\/wp\/v2\/types\/post"}],"author":[{"embeddable":true,"href":"https:\/\/blog.polityka.pl\/adamczewski\/wp-json\/wp\/v2\/users\/2"}],"replies":[{"embeddable":true,"href":"https:\/\/blog.polityka.pl\/adamczewski\/wp-json\/wp\/v2\/comments?post=10375"}],"version-history":[{"count":0,"href":"https:\/\/blog.polityka.pl\/adamczewski\/wp-json\/wp\/v2\/posts\/10375\/revisions"}],"wp:attachment":[{"href":"https:\/\/blog.polityka.pl\/adamczewski\/wp-json\/wp\/v2\/media?parent=10375"}],"wp:term":[{"taxonomy":"category","embeddable":true,"href":"https:\/\/blog.polityka.pl\/adamczewski\/wp-json\/wp\/v2\/categories?post=10375"},{"taxonomy":"post_tag","embeddable":true,"href":"https:\/\/blog.polityka.pl\/adamczewski\/wp-json\/wp\/v2\/tags?post=10375"}],"curies":[{"name":"wp","href":"https:\/\/api.w.org\/{rel}","templated":true}]}}