
{"id":1038,"date":"2009-07-29T08:00:50","date_gmt":"2009-07-29T06:00:50","guid":{"rendered":"http:\/\/adamczewski.blog.polityka.pl\/?p=1038"},"modified":"2009-07-28T22:35:01","modified_gmt":"2009-07-28T20:35:01","slug":"poczatek-wyprawy","status":"publish","type":"post","link":"https:\/\/blog.polityka.pl\/adamczewski\/2009\/07\/29\/poczatek-wyprawy\/","title":{"rendered":"Pocz\u0105tek wyprawy"},"content":{"rendered":"<p>Jak co roku wyruszyli\u015bmy z Warszawy do\u015b\u0107 wcze\u015bnie. Starali\u015bmy\u00a0 si\u0119 bowiem wyprzedzi\u0107 porann\u0105 fal\u0119 mieszka\u0144c\u00f3w stolicy pracuj\u0105cych w coraz liczniejszych podmiejskich firmach. Gdy oni jad\u0105 do roboty wyjechanie przez Raszyn i Janki\u00a0 w stron\u0119 Katowic to istna m\u0119ka.<\/p>\n<p>Uda\u0142o si\u0119. O \u00f3smej ju\u017c byli\u015bmy pod Radziejowicami. Droga przez nasz pi\u0119kny kraj (bez ironii, nawet droga do Katowic, a zw\u0142aszcza dalsza cz\u0119\u015b\u0107 do Cieszyna,\u00a0\u00a0jest naprawd\u0119 pi\u0119kna, je\u015bli nie my\u015bli si\u0119 o z\u0142ej nawierzchni tylko o okolicach i widokach) nie jest tak monotonna jak przez Czechy. Tam wprawdzie po autostradach mo\u017cna jecha\u0107 szybko ale widoki mniej ciekawe.<\/p>\n<p>Po o\u015bmiu godzinach l\u0105dujemy w naszym ulubionym miejscu\u00a0\u00a0w nadgranicznej Austrii czyli w Poysdorfie. Hotel Veltlin, o kt\u00f3rym ju\u017c tu pisa\u0142em z zachwytem nie zmieni\u0142 si\u0119. I to jest zachwycaj\u0105ce. Po\u015br\u00f3d winnic i p\u00f3l golfowych stoi niezmienna oaza dobrej kuchni, pysznego wina i mi\u0142ych ludzi. Poniewa\u017c zatrzymujemy si\u0119 tam ju\u017c po raz sz\u00f3sty to traktuj\u0105 nas jak starych przyjaci\u00f3\u0142. Otrzymujemy zawsze ten sam pok\u00f3j z widokiem na winnic\u0119 (pe\u0142n\u0105 zaj\u0119cy, kt\u00f3re wcale si\u0119 nas nie boj\u0105 dop\u00f3ki jeste\u015bmy na balkonie) i nosz\u0105cy nazw\u0119 St. Laurent. Wszystkie pokoje bowiem maj\u0105 nazwy miejscowych win.\u00a0 A to kraina wspania\u0142ego\u00a0 bia\u0142ego wina gruner veltliner .<\/p>\n<p><img loading=\"lazy\" decoding=\"async\" class=\"aligncenter size-full wp-image-1040\" title=\"p70900011\" src=\"\/wp-content\/uploads\/2009\/07\/p70900011.jpg\" alt=\"\" width=\"400\" height=\"300\" srcset=\"\/adamczewski\/wp-content\/uploads\/2009\/07\/p70900011.jpg 400w, \/adamczewski\/wp-content\/uploads\/2009\/07\/p70900011-300x225.jpg 300w\" sizes=\"(max-width: 400px) 100vw, 400px\" \/><\/p>\n<p><em>Nasza ekipa (dwie trzecie) przed wej\u015bciem na rynek winny w miasteczku Poysdorf<\/em><\/p>\n<p>Kolacja by\u0142a wi\u0119c podlana tym trunkiem z winnicy Ebner Ebenauer.\u00a0 Oznacza to, \u017ce pocz\u0105tek podr\u00f3\u017cy by\u0142 udany.<\/p>\n<p>\u00a0<img loading=\"lazy\" decoding=\"async\" class=\"aligncenter size-full wp-image-1043\" title=\"p709000411\" src=\"\/wp-content\/uploads\/2009\/07\/p709000411.jpg\" alt=\"\" width=\"400\" height=\"300\" srcset=\"\/adamczewski\/wp-content\/uploads\/2009\/07\/p709000411.jpg 400w, \/adamczewski\/wp-content\/uploads\/2009\/07\/p709000411-300x225.jpg 300w\" sizes=\"(max-width: 400px) 100vw, 400px\" \/><\/p>\n<p><em>Sarnina to tutejsze popisowe danie, zwlaszcza je\u015bli mu towarzyszy zweigelt\u00a0 &#8211; pyszne wytrawne wino<\/em><\/p>\n<p>\u00a0Nast\u0119pnego poranka po obfitym\u00a0 \u015bniadaniu (pyszne bu\u0142eczki z ziarenkami, w\u0105trobianka wprost delikatesowa, szynka, sadzone jajko i sery) ruszyli\u015bmy w dalsz\u0105 drog\u0119.<\/p>\n<p>Nasz gps g\u0142upia\u0142, bo droga do Wiednia jest w przebudowie. Co kilka kilometr\u00f3w gdy trafiali\u015bmy na nowy jej odcinek damski g\u0142os poucza\u0142 mnie: &#8222;zawr\u00f3\u0107 przy najbli\u017cszej okazji&#8221;, by po paru minutach kiedy wje\u017cd\u017ca\u0142em na stary odcinek drogi cieszy\u0107 si\u0119: &#8222;jed\u017a\u00a0 t\u0105 drog\u0105 dalsze 45 km&#8221;.<\/p>\n<p>Wiede\u0144 przelecieli\u015bmy bez zak\u0142\u00f3ce\u0144. I po dwu dalszych godzinach byli\u015bmy w Alpach. Nie b\u0119d\u0119 opisywa\u0142 zachwytu widokami, bo macie to w ubieg\u0142orocznych opisach.<\/p>\n<p>Italia przywita\u0142a nas pi\u0119knym s\u0142o\u0144cem. Tym razem p\u0119dzili\u015bmy a\u017c do Verony, gdzie zatrzymali\u015bmy si\u0119 w samym Centro Storico w Hotelu Scalzi. Wspania\u0142e miejsce i zabawny dwupoziomowy pok\u00f3j. Dwa kroki i jeste\u015bmy pod rzymskim amfiteatrem. A tu\u017c obok restauracja, w kt\u00f3rej siedz\u0105c pod parasolami obserwowali\u015bmy nocne \u017cycie miasta i s\u0105siadowali\u015bmy z gwiazdami operowymi, bo by\u0142 to czas festiwalu w\u0142oskich oper.<\/p>\n<p><img loading=\"lazy\" decoding=\"async\" class=\"aligncenter size-full wp-image-1045\" title=\"p71000101\" src=\"\/wp-content\/uploads\/2009\/07\/p71000101.jpg\" alt=\"\" width=\"400\" height=\"300\" srcset=\"\/adamczewski\/wp-content\/uploads\/2009\/07\/p71000101.jpg 400w, \/adamczewski\/wp-content\/uploads\/2009\/07\/p71000101-300x225.jpg 300w\" sizes=\"(max-width: 400px) 100vw, 400px\" \/><\/p>\n<p><em>W lewo od amfiteatru jest restauracja w kt\u00f3rej nam podali&#8230;<\/em><\/p>\n<p><img loading=\"lazy\" decoding=\"async\" class=\"aligncenter size-full wp-image-1047\" title=\"p710001112\" src=\"\/wp-content\/uploads\/2009\/07\/p710001112.jpg\" alt=\"\" width=\"400\" height=\"300\" srcset=\"\/adamczewski\/wp-content\/uploads\/2009\/07\/p710001112.jpg 400w, \/adamczewski\/wp-content\/uploads\/2009\/07\/p710001112-300x225.jpg 300w\" sizes=\"(max-width: 400px) 100vw, 400px\" \/><\/p>\n<p><em>&#8230; wytworne scampi z jarzynkami wprawdzie niedu\u017co ale\u00a0 spo\u017cywanew jakim towarzystwie!<\/em><\/p>\n<p>My\u015bl\u0119, \u017ce na pocz\u0105tek relacji to do\u015b\u0107. Zw\u0142aszcza, \u017ce b\u0119d\u0105 i zdj\u0119cia.<\/p>\n<p>No to dobranoc, \u017cyczymy wszystkim pi\u0119knych wakacyjnych sn\u00f3w k\u0142ad\u0105c si\u0119 do \u0142o\u017cek w naszej kurpiowskiej sadybie.<\/p>\n","protected":false},"excerpt":{"rendered":"<p>Jak co roku wyruszyli\u015bmy z Warszawy do\u015b\u0107 wcze\u015bnie. Starali\u015bmy\u00a0 si\u0119 bowiem wyprzedzi\u0107 porann\u0105 fal\u0119 mieszka\u0144c\u00f3w stolicy pracuj\u0105cych w coraz liczniejszych podmiejskich firmach. Gdy oni jad\u0105 do roboty wyjechanie przez Raszyn i Janki\u00a0 w stron\u0119 Katowic to istna m\u0119ka. Uda\u0142o si\u0119. O \u00f3smej ju\u017c byli\u015bmy pod Radziejowicami. Droga przez nasz pi\u0119kny kraj (bez ironii, nawet droga [&hellip;]<\/p>\n","protected":false},"author":2,"featured_media":0,"comment_status":"open","ping_status":"open","sticky":false,"template":"","format":"standard","meta":{"footnotes":""},"categories":[1],"tags":[],"_links":{"self":[{"href":"https:\/\/blog.polityka.pl\/adamczewski\/wp-json\/wp\/v2\/posts\/1038"}],"collection":[{"href":"https:\/\/blog.polityka.pl\/adamczewski\/wp-json\/wp\/v2\/posts"}],"about":[{"href":"https:\/\/blog.polityka.pl\/adamczewski\/wp-json\/wp\/v2\/types\/post"}],"author":[{"embeddable":true,"href":"https:\/\/blog.polityka.pl\/adamczewski\/wp-json\/wp\/v2\/users\/2"}],"replies":[{"embeddable":true,"href":"https:\/\/blog.polityka.pl\/adamczewski\/wp-json\/wp\/v2\/comments?post=1038"}],"version-history":[{"count":0,"href":"https:\/\/blog.polityka.pl\/adamczewski\/wp-json\/wp\/v2\/posts\/1038\/revisions"}],"wp:attachment":[{"href":"https:\/\/blog.polityka.pl\/adamczewski\/wp-json\/wp\/v2\/media?parent=1038"}],"wp:term":[{"taxonomy":"category","embeddable":true,"href":"https:\/\/blog.polityka.pl\/adamczewski\/wp-json\/wp\/v2\/categories?post=1038"},{"taxonomy":"post_tag","embeddable":true,"href":"https:\/\/blog.polityka.pl\/adamczewski\/wp-json\/wp\/v2\/tags?post=1038"}],"curies":[{"name":"wp","href":"https:\/\/api.w.org\/{rel}","templated":true}]}}