
{"id":10380,"date":"2009-10-11T23:55:50","date_gmt":"2009-10-11T22:55:50","guid":{"rendered":"http:\/\/adamczewscy.pl\/?p=2628"},"modified":"2009-10-11T23:55:50","modified_gmt":"2009-10-11T22:55:50","slug":"prosta-salatka-obiadowa","status":"publish","type":"post","link":"https:\/\/blog.polityka.pl\/adamczewski\/2009\/10\/11\/prosta-salatka-obiadowa\/","title":{"rendered":"Prosta sa\u0142atka obiadowa"},"content":{"rendered":"<p><em>Du\u017ca czerwona papryka, 2 mi\u0119siste pomidory, \u015bredni zielony og\u00f3rek, p\u00f3\u0142 opakowania sera feta, czerwona cebula, s\u00f3l, pieprz, 2 \u0142y\u017cki oliwy, \u0142y\u017ceczka soku cytrynowego.<\/em> <\/p>\n<p>1. Papryk\u0119 przekroi\u0107 na po\u0142\u00f3wki, usun\u0105\u0107 gniazda nasienne, pokroi\u0107 w cienkie paski, u\u0142o\u017cy\u0107 na p\u00f3\u0142miseczku.<br \/>\n2. Pomidory sparzy\u0107, obra\u0107 ze sk\u00f3rki i pokroi\u0107 w \u00f3semki, u\u0142o\u017cy\u0107 na papryce.<br \/>\n3. Og\u00f3rek obra\u0107, pokroi\u0107 w plasterki, u\u0142o\u017cy\u0107 na pomidorach.<br \/>\n4. Cebul\u0119 obra\u0107, pokroi\u0107 w plasterki, porozdziela\u0107 na pier\u015bcionki, u\u0142o\u017cy\u0107 na og\u00f3rkach.<br \/>\n5. Ser feta pokroi\u0107 na niewielkie kostki, posypa\u0107 sa\u0142atk\u0119.<br \/>\n6. Wymiesza\u0107 oliw\u0119 z sokiem cytrynowym, sol\u0105 i pieprzem i pokropi\u0107 r\u00f3wnomiernie sa\u0142atk\u0119. Wymiesza\u0107 dopiero na stole. <\/p>\n","protected":false},"excerpt":{"rendered":"<p>Du\u017ca czerwona papryka, 2 mi\u0119siste pomidory, \u015bredni zielony og\u00f3rek, p\u00f3\u0142 opakowania sera feta, czerwona cebula, s\u00f3l, pieprz, 2 \u0142y\u017cki oliwy, \u0142y\u017ceczka soku cytrynowego. 1. Papryk\u0119 przekroi\u0107 na po\u0142\u00f3wki, usun\u0105\u0107 gniazda nasienne, pokroi\u0107 w cienkie paski, u\u0142o\u017cy\u0107 na p\u00f3\u0142miseczku. 2. Pomidory sparzy\u0107, obra\u0107 ze sk\u00f3rki i pokroi\u0107 w \u00f3semki, u\u0142o\u017cy\u0107 na papryce. 3. Og\u00f3rek obra\u0107, pokroi\u0107 [&hellip;]<\/p>\n","protected":false},"author":2,"featured_media":0,"comment_status":"open","ping_status":"open","sticky":false,"template":"","format":"standard","meta":{"footnotes":""},"categories":[1],"tags":[],"_links":{"self":[{"href":"https:\/\/blog.polityka.pl\/adamczewski\/wp-json\/wp\/v2\/posts\/10380"}],"collection":[{"href":"https:\/\/blog.polityka.pl\/adamczewski\/wp-json\/wp\/v2\/posts"}],"about":[{"href":"https:\/\/blog.polityka.pl\/adamczewski\/wp-json\/wp\/v2\/types\/post"}],"author":[{"embeddable":true,"href":"https:\/\/blog.polityka.pl\/adamczewski\/wp-json\/wp\/v2\/users\/2"}],"replies":[{"embeddable":true,"href":"https:\/\/blog.polityka.pl\/adamczewski\/wp-json\/wp\/v2\/comments?post=10380"}],"version-history":[{"count":0,"href":"https:\/\/blog.polityka.pl\/adamczewski\/wp-json\/wp\/v2\/posts\/10380\/revisions"}],"wp:attachment":[{"href":"https:\/\/blog.polityka.pl\/adamczewski\/wp-json\/wp\/v2\/media?parent=10380"}],"wp:term":[{"taxonomy":"category","embeddable":true,"href":"https:\/\/blog.polityka.pl\/adamczewski\/wp-json\/wp\/v2\/categories?post=10380"},{"taxonomy":"post_tag","embeddable":true,"href":"https:\/\/blog.polityka.pl\/adamczewski\/wp-json\/wp\/v2\/tags?post=10380"}],"curies":[{"name":"wp","href":"https:\/\/api.w.org\/{rel}","templated":true}]}}