
{"id":10381,"date":"2009-10-11T23:56:31","date_gmt":"2009-10-11T22:56:31","guid":{"rendered":"http:\/\/adamczewscy.pl\/?p=2629"},"modified":"2009-10-11T23:56:31","modified_gmt":"2009-10-11T22:56:31","slug":"roszponka-z-marchwia","status":"publish","type":"post","link":"https:\/\/blog.polityka.pl\/adamczewski\/2009\/10\/11\/roszponka-z-marchwia\/","title":{"rendered":"Roszponka z marchwi\u0105"},"content":{"rendered":"<p><em>Opakowanie roszponki, 2 marchwie,<br \/>\nNa sos: 4 \u0142y\u017cki oleju z pestek winogron, \u0142y\u017ceczka musztardy, \u0142y\u017cka octu balsamicznego, p\u00f3\u0142 \u0142y\u017ceczki miodu lub cukru, s\u00f3l, pieprz oraz z\u0105bek czosnku. <\/em><\/p>\n<p>1. Wszystkie sk\u0142adniki sosu umie\u015bci\u0107 w zakr\u0119canym s\u0142oiku typu twist i starannie zmiksowa\u0107 potrz\u0105saj\u0105c s\u0142oikiem.<br \/>\n2. Roszponk\u0119 umy\u0107, osuszy\u0107, w\u0142o\u017cy\u0107 do salaterki.<br \/>\n3. Marchew obra\u0107, zetrze\u0107 na grubej jarzynowej tarce i doda\u0107 do roszponki. Doprawi\u0107 sosem winegret, wymiesza\u0107 i od razu podawa\u0107. <\/p>\n","protected":false},"excerpt":{"rendered":"<p>Opakowanie roszponki, 2 marchwie, Na sos: 4 \u0142y\u017cki oleju z pestek winogron, \u0142y\u017ceczka musztardy, \u0142y\u017cka octu balsamicznego, p\u00f3\u0142 \u0142y\u017ceczki miodu lub cukru, s\u00f3l, pieprz oraz z\u0105bek czosnku. 1. Wszystkie sk\u0142adniki sosu umie\u015bci\u0107 w zakr\u0119canym s\u0142oiku typu twist i starannie zmiksowa\u0107 potrz\u0105saj\u0105c s\u0142oikiem. 2. Roszponk\u0119 umy\u0107, osuszy\u0107, w\u0142o\u017cy\u0107 do salaterki. 3. Marchew obra\u0107, zetrze\u0107 na grubej [&hellip;]<\/p>\n","protected":false},"author":2,"featured_media":0,"comment_status":"open","ping_status":"open","sticky":false,"template":"","format":"standard","meta":{"footnotes":""},"categories":[1],"tags":[],"_links":{"self":[{"href":"https:\/\/blog.polityka.pl\/adamczewski\/wp-json\/wp\/v2\/posts\/10381"}],"collection":[{"href":"https:\/\/blog.polityka.pl\/adamczewski\/wp-json\/wp\/v2\/posts"}],"about":[{"href":"https:\/\/blog.polityka.pl\/adamczewski\/wp-json\/wp\/v2\/types\/post"}],"author":[{"embeddable":true,"href":"https:\/\/blog.polityka.pl\/adamczewski\/wp-json\/wp\/v2\/users\/2"}],"replies":[{"embeddable":true,"href":"https:\/\/blog.polityka.pl\/adamczewski\/wp-json\/wp\/v2\/comments?post=10381"}],"version-history":[{"count":0,"href":"https:\/\/blog.polityka.pl\/adamczewski\/wp-json\/wp\/v2\/posts\/10381\/revisions"}],"wp:attachment":[{"href":"https:\/\/blog.polityka.pl\/adamczewski\/wp-json\/wp\/v2\/media?parent=10381"}],"wp:term":[{"taxonomy":"category","embeddable":true,"href":"https:\/\/blog.polityka.pl\/adamczewski\/wp-json\/wp\/v2\/categories?post=10381"},{"taxonomy":"post_tag","embeddable":true,"href":"https:\/\/blog.polityka.pl\/adamczewski\/wp-json\/wp\/v2\/tags?post=10381"}],"curies":[{"name":"wp","href":"https:\/\/api.w.org\/{rel}","templated":true}]}}