
{"id":10382,"date":"2009-10-11T23:57:02","date_gmt":"2009-10-11T22:57:02","guid":{"rendered":"http:\/\/adamczewscy.pl\/?p=2630"},"modified":"2009-10-11T23:57:02","modified_gmt":"2009-10-11T22:57:02","slug":"szarlotka-na-cieplo","status":"publish","type":"post","link":"https:\/\/blog.polityka.pl\/adamczewski\/2009\/10\/11\/szarlotka-na-cieplo\/","title":{"rendered":"Szarlotka na ciep\u0142o"},"content":{"rendered":"<p><em>4 \u015brednie jab\u0142ka, 4 jaja, p\u00f3\u0142 szklanki cukru pudru, dwie trzecie szklanki m\u0105ki, szklanka \u015bmietanki 12-proc., p\u00f3\u0142 torebki cukru z prawdziw\u0105 wanili\u0105 lub szczypta cynamonu, szczypta soli.<br \/>\nDo wysmarowania foremki: \u0142y\u017cka mas\u0142a<br \/>\nDo posypania: 3 \u0142y\u017cki cukru pudru. <\/em><\/p>\n<p>1. Utrze\u0107 przy pomocy miksera jaja z cukrem pudrem i szczypt\u0105 soli.<br \/>\n2. Do jaj dodawa\u0107, stale ucieraj\u0105c mikserem, m\u0105k\u0119 i \u015bmietank\u0119.<br \/>\n3. Form\u0119 do zapiekania (na przyk\u0142ad \u017caroodporne naczynie posmarowa\u0107 mas\u0142em, na dnie u\u0142o\u017cy\u0107 obrane i pokrojone w \u00f3semki jab\u0142ka, zala\u0107 puszystym ciastem.<br \/>\n4. Wstawi\u0107 naczynie najpierw do nagrzanego do 220 st C piekarnika, a po 15 minutach zmniejszy\u0107 grzanie i dopieka\u0107 jeszcze oko\u0142o p\u00f3l godziny w temperaturze 180 st C.<br \/>\n5. Podawa\u0107 ciep\u0142e, posypane obficie cukrem pudrem. <\/p>\n","protected":false},"excerpt":{"rendered":"<p>4 \u015brednie jab\u0142ka, 4 jaja, p\u00f3\u0142 szklanki cukru pudru, dwie trzecie szklanki m\u0105ki, szklanka \u015bmietanki 12-proc., p\u00f3\u0142 torebki cukru z prawdziw\u0105 wanili\u0105 lub szczypta cynamonu, szczypta soli. Do wysmarowania foremki: \u0142y\u017cka mas\u0142a Do posypania: 3 \u0142y\u017cki cukru pudru. 1. Utrze\u0107 przy pomocy miksera jaja z cukrem pudrem i szczypt\u0105 soli. 2. Do jaj dodawa\u0107, stale [&hellip;]<\/p>\n","protected":false},"author":2,"featured_media":0,"comment_status":"open","ping_status":"open","sticky":false,"template":"","format":"standard","meta":{"footnotes":""},"categories":[1],"tags":[],"_links":{"self":[{"href":"https:\/\/blog.polityka.pl\/adamczewski\/wp-json\/wp\/v2\/posts\/10382"}],"collection":[{"href":"https:\/\/blog.polityka.pl\/adamczewski\/wp-json\/wp\/v2\/posts"}],"about":[{"href":"https:\/\/blog.polityka.pl\/adamczewski\/wp-json\/wp\/v2\/types\/post"}],"author":[{"embeddable":true,"href":"https:\/\/blog.polityka.pl\/adamczewski\/wp-json\/wp\/v2\/users\/2"}],"replies":[{"embeddable":true,"href":"https:\/\/blog.polityka.pl\/adamczewski\/wp-json\/wp\/v2\/comments?post=10382"}],"version-history":[{"count":0,"href":"https:\/\/blog.polityka.pl\/adamczewski\/wp-json\/wp\/v2\/posts\/10382\/revisions"}],"wp:attachment":[{"href":"https:\/\/blog.polityka.pl\/adamczewski\/wp-json\/wp\/v2\/media?parent=10382"}],"wp:term":[{"taxonomy":"category","embeddable":true,"href":"https:\/\/blog.polityka.pl\/adamczewski\/wp-json\/wp\/v2\/categories?post=10382"},{"taxonomy":"post_tag","embeddable":true,"href":"https:\/\/blog.polityka.pl\/adamczewski\/wp-json\/wp\/v2\/tags?post=10382"}],"curies":[{"name":"wp","href":"https:\/\/api.w.org\/{rel}","templated":true}]}}