
{"id":10384,"date":"2009-10-18T21:25:58","date_gmt":"2009-10-18T20:25:58","guid":{"rendered":"http:\/\/adamczewscy.pl\/?p=2633"},"modified":"2009-10-18T21:25:58","modified_gmt":"2009-10-18T20:25:58","slug":"zupa-dyniowo-warzywna","status":"publish","type":"post","link":"https:\/\/blog.polityka.pl\/adamczewski\/2009\/10\/18\/zupa-dyniowo-warzywna\/","title":{"rendered":"Zupa dyniowo-warzywna"},"content":{"rendered":"<p><em>Marchew, ma\u0142a pietruszka, kawa\u0142ek selera, 30 dag dyni, \u0142y\u017ceczka mas\u0142a, kostka bulionowa, \u0142y\u017cka oleju z pestek dyni (nie jest to dodatek konieczny) , 2 \u0142y\u017cki \u015bmietany 18-proc. s\u00f3l, cukier, spora szczypta suszonego lub posiekanego \u015bwie\u017cego estragonu-ilo\u015b\u0107 wed\u0142ug gustu, 4 \u0142y\u017cki podsma\u017conych pestek z dyni. <\/em><\/p>\n<p>1. Dyni\u0119 obra\u0107 ze sk\u00f3ry, usun\u0105\u0107 pestki,  pozosta\u0142y mi\u0105\u017csz pokroi\u0107 na ma\u0142e kawa\u0142ki.<br \/>\n2. Obra\u0107 marchew, pietruszk\u0119 i seler, pokroi\u0107 na kawa\u0142ki.<br \/>\n3. Dyni\u0119 i warzywa zala\u0107 3 szklankami wody, doda\u0107 kostk\u0119 roso\u0142ow\u0105 i gotowa\u0107, a\u017c zmi\u0119kn\u0105, ew. posoli\u0107, doprawi\u0107 cukrem.<br \/>\n4. Odstawi\u0107 zup\u0119 do lekkiego ostudzenia, po czym zmiksowa\u0107, doprawi\u0107 sol\u0105 i cukrem, doda\u0107 estragon i mas\u0142o oraz \u015bmietan\u0119. Je\u015bli trzeba &#8211; podgrza\u0107 ale ju\u017c nie gotowa\u0107.<br \/>\n5. Do ka\u017cdej porcji zupy kapn\u0105\u0107 kilka kropel oleju z pestek dyniowych. <\/p>\n","protected":false},"excerpt":{"rendered":"<p>Marchew, ma\u0142a pietruszka, kawa\u0142ek selera, 30 dag dyni, \u0142y\u017ceczka mas\u0142a, kostka bulionowa, \u0142y\u017cka oleju z pestek dyni (nie jest to dodatek konieczny) , 2 \u0142y\u017cki \u015bmietany 18-proc. s\u00f3l, cukier, spora szczypta suszonego lub posiekanego \u015bwie\u017cego estragonu-ilo\u015b\u0107 wed\u0142ug gustu, 4 \u0142y\u017cki podsma\u017conych pestek z dyni. 1. Dyni\u0119 obra\u0107 ze sk\u00f3ry, usun\u0105\u0107 pestki, pozosta\u0142y mi\u0105\u017csz pokroi\u0107 na [&hellip;]<\/p>\n","protected":false},"author":2,"featured_media":0,"comment_status":"open","ping_status":"open","sticky":false,"template":"","format":"standard","meta":{"footnotes":""},"categories":[1],"tags":[],"_links":{"self":[{"href":"https:\/\/blog.polityka.pl\/adamczewski\/wp-json\/wp\/v2\/posts\/10384"}],"collection":[{"href":"https:\/\/blog.polityka.pl\/adamczewski\/wp-json\/wp\/v2\/posts"}],"about":[{"href":"https:\/\/blog.polityka.pl\/adamczewski\/wp-json\/wp\/v2\/types\/post"}],"author":[{"embeddable":true,"href":"https:\/\/blog.polityka.pl\/adamczewski\/wp-json\/wp\/v2\/users\/2"}],"replies":[{"embeddable":true,"href":"https:\/\/blog.polityka.pl\/adamczewski\/wp-json\/wp\/v2\/comments?post=10384"}],"version-history":[{"count":0,"href":"https:\/\/blog.polityka.pl\/adamczewski\/wp-json\/wp\/v2\/posts\/10384\/revisions"}],"wp:attachment":[{"href":"https:\/\/blog.polityka.pl\/adamczewski\/wp-json\/wp\/v2\/media?parent=10384"}],"wp:term":[{"taxonomy":"category","embeddable":true,"href":"https:\/\/blog.polityka.pl\/adamczewski\/wp-json\/wp\/v2\/categories?post=10384"},{"taxonomy":"post_tag","embeddable":true,"href":"https:\/\/blog.polityka.pl\/adamczewski\/wp-json\/wp\/v2\/tags?post=10384"}],"curies":[{"name":"wp","href":"https:\/\/api.w.org\/{rel}","templated":true}]}}