
{"id":10385,"date":"2009-10-18T21:26:43","date_gmt":"2009-10-18T20:26:43","guid":{"rendered":"http:\/\/adamczewscy.pl\/?p=2634"},"modified":"2009-10-18T21:26:43","modified_gmt":"2009-10-18T20:26:43","slug":"surowka-z-marchwi-z-fenkulem-i-pomarancza","status":"publish","type":"post","link":"https:\/\/blog.polityka.pl\/adamczewski\/2009\/10\/18\/surowka-z-marchwi-z-fenkulem-i-pomarancza\/","title":{"rendered":"Sur\u00f3wka z marchwi z fenku\u0142em i pomara\u0144cz\u0105"},"content":{"rendered":"<p>Sur\u00f3wka z marchwi z fenku\u0142em i pomara\u0144cz\u0105<\/p>\n<p><em>2 \u015brednie marchwie, du\u017cy fenku\u0142, pomara\u0144cza.<br \/>\nNa sos: szklanka jogurtu naturalnego, s\u00f3l, pieprz, \u0142y\u017cka posiekanego szczypiorku, \u0142y\u017ceczka majonezu<\/em><\/p>\n<p>1. Marchew obra\u0107, zetrze\u0107 na grubej jarzynowej tarce<br \/>\n2. Fenku\u0142 obra\u0107 z uszkodzonych li\u015bci, przekroi\u0107 na \u0107wiartki, usun\u0105\u0107 twardy g\u0142\u0105b i pozosta\u0142e cz\u0119\u015bci pokroi\u0107 na drobne paseczki.<br \/>\n3. Pomara\u0144cz\u0119 obra\u0107 ze sk\u00f3rki, podzieli\u0107 na cz\u0105stki i pokroi\u0107 je na drobne paseczki.<br \/>\n4. Przygotowa\u0107 sos: wymiesza\u0107 jogurt z majonezem, sol\u0105, pieprzem i szczypiorkiem.<br \/>\n5. Wymiesza\u0107  rozdrobnione :marchew, fenku\u0142 i pomara\u0144cz\u0119, doda\u0107 sos i jeszcze raz wymiesza\u0107 sur\u00f3wk\u0119<\/p>\n","protected":false},"excerpt":{"rendered":"<p>Sur\u00f3wka z marchwi z fenku\u0142em i pomara\u0144cz\u0105 2 \u015brednie marchwie, du\u017cy fenku\u0142, pomara\u0144cza. Na sos: szklanka jogurtu naturalnego, s\u00f3l, pieprz, \u0142y\u017cka posiekanego szczypiorku, \u0142y\u017ceczka majonezu 1. Marchew obra\u0107, zetrze\u0107 na grubej jarzynowej tarce 2. Fenku\u0142 obra\u0107 z uszkodzonych li\u015bci, przekroi\u0107 na \u0107wiartki, usun\u0105\u0107 twardy g\u0142\u0105b i pozosta\u0142e cz\u0119\u015bci pokroi\u0107 na drobne paseczki. 3. Pomara\u0144cz\u0119 obra\u0107 [&hellip;]<\/p>\n","protected":false},"author":2,"featured_media":0,"comment_status":"open","ping_status":"open","sticky":false,"template":"","format":"standard","meta":{"footnotes":""},"categories":[1],"tags":[],"_links":{"self":[{"href":"https:\/\/blog.polityka.pl\/adamczewski\/wp-json\/wp\/v2\/posts\/10385"}],"collection":[{"href":"https:\/\/blog.polityka.pl\/adamczewski\/wp-json\/wp\/v2\/posts"}],"about":[{"href":"https:\/\/blog.polityka.pl\/adamczewski\/wp-json\/wp\/v2\/types\/post"}],"author":[{"embeddable":true,"href":"https:\/\/blog.polityka.pl\/adamczewski\/wp-json\/wp\/v2\/users\/2"}],"replies":[{"embeddable":true,"href":"https:\/\/blog.polityka.pl\/adamczewski\/wp-json\/wp\/v2\/comments?post=10385"}],"version-history":[{"count":0,"href":"https:\/\/blog.polityka.pl\/adamczewski\/wp-json\/wp\/v2\/posts\/10385\/revisions"}],"wp:attachment":[{"href":"https:\/\/blog.polityka.pl\/adamczewski\/wp-json\/wp\/v2\/media?parent=10385"}],"wp:term":[{"taxonomy":"category","embeddable":true,"href":"https:\/\/blog.polityka.pl\/adamczewski\/wp-json\/wp\/v2\/categories?post=10385"},{"taxonomy":"post_tag","embeddable":true,"href":"https:\/\/blog.polityka.pl\/adamczewski\/wp-json\/wp\/v2\/tags?post=10385"}],"curies":[{"name":"wp","href":"https:\/\/api.w.org\/{rel}","templated":true}]}}